{"id":838,"date":"2024-03-04T14:21:19","date_gmt":"2024-03-04T17:21:19","guid":{"rendered":"https:\/\/tveventos.tv.br\/?p=838"},"modified":"2024-03-04T14:21:21","modified_gmt":"2024-03-04T17:21:21","slug":"abrin-40-edicoes-primeiro-dia-da-feira-celebra-a-historia-do-brinquedo-e-destaca-o-segmento-de-kidults","status":"publish","type":"post","link":"https:\/\/tveventos.tv.br\/?p=838","title":{"rendered":"ABRIN 40 Edi\u00e7\u00f5es: Primeiro dia da feira celebra a hist\u00f3ria do brinquedo e destaca o segmento de Kidults"},"content":{"rendered":"\n<p>O primeiro dia da ABRIN 2024, a maior feira de neg\u00f3cios do segmento na Am\u00e9rica Latina, aconteceu oficialmente neste domingo (3) com uma cerim\u00f4nia solene de abertura de corte de fita com a presen\u00e7a de Syn\u00e9sio Batista, presidente da ABRINQ; Abdala Jamil Abdala presidente da Francal e 1\u00ba vice-presidente da UBRAFE, al\u00e9m de outros convidados. O primeiro dia de evento somou a presen\u00e7a de 5.526 pessoas, um total de mais de 1.900 s\u00f3 em novos visitantes.<br>&nbsp;<\/p>\n\n\n\n<p>Um importante debate sobre o passado, presente e futuro da ind\u00fastria do brinquedo deu o norte para a estreia do \u201cAbrin Talks\u201d, arena de conte\u00fado onde empres\u00e1rios, executivos e formadores de opini\u00e3o do setor contaram um pouco da hist\u00f3ria dos brinquedos durante as 40 edi\u00e7\u00f5es da feira, fornecendo insights valiosos sobre o segmento de \u2018kidults\u2019 para lojistas e entusiastas do setor, com o objetivo de fortalecer os neg\u00f3cios no Brasil, apresentando estrat\u00e9gias atualizadas e tend\u00eancias globais.<\/p>\n\n\n\n<p><br><strong>ABRIN 40 Edi\u00e7\u00f5es<\/strong><\/p>\n\n\n\n<p>Abrindo os debates no palco Abrin Talks, os executivos Moise Candi (CEO da Candide), Aires Fernandes (diretor de Marketing da Brinquedos Estrela) e Jo\u00e3o Nagano (diretor de Marketing da Grow Jogos e Brinquedos) estiveram reunidos para a roda de conversa. A escolha deu-se porque tais empresas estiveram presentes nas 40 edi\u00e7\u00f5es da ABRIN e contaram um pouco de suas vis\u00f5es quanto a evolu\u00e7\u00e3o do brinquedo e perspectiva do setor para o futuro.<\/p>\n\n\n\n<p><br>\u00a0<\/p>\n\n\n\n<figure class=\"wp-block-image size-full\"><img loading=\"lazy\" decoding=\"async\" width=\"939\" height=\"625\" src=\"https:\/\/tveventos.tv.br\/wp-content\/uploads\/2024\/03\/image-1.png\" alt=\"\" class=\"wp-image-841\" srcset=\"https:\/\/tveventos.tv.br\/wp-content\/uploads\/2024\/03\/image-1.png 939w, https:\/\/tveventos.tv.br\/wp-content\/uploads\/2024\/03\/image-1-300x200.png 300w, https:\/\/tveventos.tv.br\/wp-content\/uploads\/2024\/03\/image-1-768x511.png 768w, https:\/\/tveventos.tv.br\/wp-content\/uploads\/2024\/03\/image-1-150x100.png 150w, https:\/\/tveventos.tv.br\/wp-content\/uploads\/2024\/03\/image-1-696x463.png 696w\" sizes=\"auto, (max-width: 939px) 100vw, 939px\" \/><\/figure>\n\n\n\n<p><em>Da esq. para a dir.: Moise Candi (Candide), Aires Fernandes (Brinquedos Estrela) e Jo\u00e3o Nagano (Grow Jogos e Brinquedos) (Foto: Recs Filmes)<\/em><\/p>\n\n\n\n<p><br>Moise Candi contou sobre sua experi\u00eancia na primeira edi\u00e7\u00e3o da feira, com exposi\u00e7\u00f5es de caixas de m\u00fasica e outros itens nost\u00e1lgicos. Para o futuro, o executivo destacou a import\u00e2ncia de contar uma hist\u00f3ria no varejo, seja no licenciamento, no encantamento ou na inova\u00e7\u00e3o, essa hist\u00f3ria se comunica com o p\u00fablico-alvo, e \u00e9 respons\u00e1vel por converter em vendas.<\/p>\n\n\n\n<p><br>J\u00e1 Aires Fernandes, discorreu sobre a evolu\u00e7\u00e3o do brinquedo e destacou a tecnologia presente nessa evolu\u00e7\u00e3o. Al\u00e9m disso, o empres\u00e1rio destacou a necessidade de transformar o romantismo de outrora do brinquedo, na tecnologia para conquistar a aten\u00e7\u00e3o e o foco da crian\u00e7a que tem uma s\u00e9rie de est\u00edmulos virtuais. Em sua vis\u00e3o, o brinquedo vai incorporar essa transforma\u00e7\u00e3o digital, processar e devolver para a crian\u00e7a o brinquedo melhorado, l\u00fadico e divertido. Aires tamb\u00e9m refor\u00e7ou que a transforma\u00e7\u00e3o do mundo se reflete nos brinquedos, um exemplo \u00e9 que h\u00e1 40 anos n\u00e3o se aceitava falar de bonecos e nem bonecas para meninos. Hoje entende-se a import\u00e2ncia l\u00fadica da brincadeira para criar bons pais no futuro.<\/p>\n\n\n\n<p><br>Jo\u00e3o Nagano explicou como foi a primeira fabrica\u00e7\u00e3o de brinquedos e como foi a transforma\u00e7\u00e3o desse processo, utilizando da criatividade para superar obst\u00e1culos. Utilizando-se poeticamente do clich\u00ea, &#8220;O Brasil n\u00e3o \u00e9 pra Amadores&#8221;, ele contou curiosidade da cria\u00e7\u00e3o do primeiro brinquedo da marca, o tradicional jogo &#8220;War&#8221;, que usou do molde de bot\u00f5es de camisa, para fabrica\u00e7\u00e3o dos primeiros bot\u00f5es que marcavam os territ\u00f3rios conquistados no jogo.<\/p>\n\n\n\n<p><br><br><strong>Kidults: a nostalgia como valor de neg\u00f3cio<\/strong><\/p>\n\n\n\n<p>A duas palestras seguintes abordaram o segmento de Kidults, com insights valiosos para lojistas e empreendedores no segmento de brinquedos. Marcelo Silva, gerente de marketing da Lider Brinquedos, Renata Blanc, presidente da ALBB e propriet\u00e1ria da Blanc Toys, David Diesendruck, CEO da Redibra e Eneas Carlos Pereira, vice-presidente da TV Cultura, fizeram parte do segundo painel do dia, com um bate papo abordando \u201ca nostalgia como valor de neg\u00f3cio\u201d.<br>\u00a0<\/p>\n\n\n\n<figure class=\"wp-block-image size-full\"><img loading=\"lazy\" decoding=\"async\" width=\"800\" height=\"533\" src=\"https:\/\/tveventos.tv.br\/wp-content\/uploads\/2024\/03\/image-2.png\" alt=\"\" class=\"wp-image-842\" srcset=\"https:\/\/tveventos.tv.br\/wp-content\/uploads\/2024\/03\/image-2.png 800w, https:\/\/tveventos.tv.br\/wp-content\/uploads\/2024\/03\/image-2-300x200.png 300w, https:\/\/tveventos.tv.br\/wp-content\/uploads\/2024\/03\/image-2-768x512.png 768w, https:\/\/tveventos.tv.br\/wp-content\/uploads\/2024\/03\/image-2-150x100.png 150w, https:\/\/tveventos.tv.br\/wp-content\/uploads\/2024\/03\/image-2-696x464.png 696w\" sizes=\"auto, (max-width: 800px) 100vw, 800px\" \/><\/figure>\n\n\n\n<p><em>Da esq. para a dir.: Marici Ferreira (EP Grupo), Eneas Carlos Pereira (TV Cultura), David Diesendruck (Redibra), Renata Blanc (Blanc Toys e ALBB) e Marcelo Silva (L\u00edder Brinquedos), (Foto: Recs Filmes)<\/em><\/p>\n\n\n\n<p><br>Renata Blanc comenta que, segundo pesquisa realizada pela ALBB (Associa\u00e7\u00e3o de Lojistas de Brinquedos do Brasil), o mercado de Kidults representa 15% da receita global de brinquedos, e cresce 4% ao ano, destacando a import\u00e2ncia do entendimento deste mercado (Kidults) para o sucesso dos lojistas.<br>\u00a0<\/p>\n\n\n\n<p>Eneas Carlos Pereira, vice-presidente da TV Cultura, comentou sobre as propriedades intelectuais da TV Cultura, destacando que s\u00e3o o grande&nbsp;<em>asset<\/em>&nbsp;da empresa, e que a nostalgia n\u00e3o \u00e9 um foco, mas sim o fato de marcar a inf\u00e2ncia de toda uma gera\u00e7\u00e3o e educar no processo. Durante o painel, o executivo tamb\u00e9m aproveitou para comentar sobre os conte\u00fados em produ\u00e7\u00e3o para o anivers\u00e1rio de 55 anos da TV Cultura, incluindo um filme de Cocoric\u00f3, e vers\u00f5es contempor\u00e2neas de Castelo Ra-Tim-Bum e Mundo da Lua.<br>&nbsp;<\/p>\n\n\n\n<p>Marcelo Silva falou sobre a estrat\u00e9gia da Lider Brinquedos, que apostou na Fandom Box (lan\u00e7ado em 2023 na feira ABRIN), conquistando uma boa parcela do mercado de colecion\u00e1veis, oferecendo uma op\u00e7\u00e3o produzida no Brasil de produtos acess\u00edveis e com qualidade, seja para a primeira cole\u00e7\u00e3o dos pequenos ou tamb\u00e9m para satisfazer a nostalgia e desejoso dos adultos. Hoje, a marca conta com mais de 90 personagens diferente, e muitos de personagens brasileiros, valorizando os produtos nacionais.<br>&nbsp;<\/p>\n\n\n\n<p>David Diesendruck, da Redibra, destaca que a inf\u00e2ncia est\u00e1 se encurtando, acarretando uma juventude prolongada e caracterizando o mercado de Kidults. Ele conta, como exemplo, sua experi\u00eancia recente com a marca \u201cUrsinhos Carinhosos\u201d, na qual a Redibra optou por uma estrat\u00e9gia focada na nostalgia, ao inv\u00e9s de produzir focado nas crian\u00e7as da nova gera\u00e7\u00e3o, e obteve sucesso impressionante.<br><br>&nbsp;<\/p>\n\n\n\n<p><strong>Spielwarenmesse e as tend\u00eancias globais<\/strong><\/p>\n\n\n\n<p>A terceira palestra do dia contou com a presen\u00e7a da Verena Urbschat, Diretora de Marketing da Spielwarenmesse, a Feira internacional de brinquedos de Nuremberg, a maior do mundo no setor. Em 2024, a feira reuniu 2356 expositores, de 68 pa\u00edses. Pela feira, circularam cerca de 57 mil visitantes, do setor de brinquedos, representando mais de 125 pa\u00edses do mundo.<br>\u00a0<\/p>\n\n\n\n<figure class=\"wp-block-image size-full\"><img loading=\"lazy\" decoding=\"async\" width=\"800\" height=\"534\" src=\"https:\/\/tveventos.tv.br\/wp-content\/uploads\/2024\/03\/image-3.png\" alt=\"\" class=\"wp-image-843\" srcset=\"https:\/\/tveventos.tv.br\/wp-content\/uploads\/2024\/03\/image-3.png 800w, https:\/\/tveventos.tv.br\/wp-content\/uploads\/2024\/03\/image-3-300x200.png 300w, https:\/\/tveventos.tv.br\/wp-content\/uploads\/2024\/03\/image-3-768x513.png 768w, https:\/\/tveventos.tv.br\/wp-content\/uploads\/2024\/03\/image-3-150x100.png 150w, https:\/\/tveventos.tv.br\/wp-content\/uploads\/2024\/03\/image-3-696x465.png 696w\" sizes=\"auto, (max-width: 800px) 100vw, 800px\" \/><\/figure>\n\n\n\n<p><em>Da esq. para a dir.: Verena Urbschat (Spielwarenmesse &#8211; Alemanh\u00e3) (Foto: Recs Filmes)<\/em><\/p>\n\n\n\n<p><br>O tema foco da feira alem\u00e3 este ano foi Kidults, promovendo a vida como um playground, sem restri\u00e7\u00e3o de idade, convidando os adultos a voltarem a sua inf\u00e2ncia. O grande destaque desta categoria \u00e9 o alto poder de compra por parte dos consumidores, uma vez que os adultos s\u00e3o os interessados nesta fatia, com 67% de inten\u00e7\u00e3o de compra pelos adultos entre 18 e 65 anos. Mundialmente, jogos de tabuleiro e quebra-cabe\u00e7as s\u00e3o as categorias mais exploradas para os kidults. No Brasil, esta categoria representa 68%, mais do que a m\u00e9dia mundial.<br>\u00a0<\/p>\n\n\n\n<p>A Spielwarenmesse criou 4 categorias de produtos para os kidults, sendo a primeira de &#8220;colecion\u00e1veis&#8221;. Seguida dos \u2018colecion\u00e1veis premium&#8221; que incluem edi\u00e7\u00f5es limitada e exclusivas, n\u00e3o limitados a brincar, mas tamb\u00e9m para simples exposi\u00e7\u00e3o. A terceira categoria s\u00e3o dos jogos de tabuleiro, com uma variedade infinita. A quarta categoria \u00e9 a de &#8220;fantasia criativa&#8221;, onde o kidult pode imergir em um mundo emocionante de jogos, seja com RPGs, jogos de cartas ou com miniaturas.<br>&nbsp;<\/p>\n\n\n\n<p>A pesquisa exalta o desejo do kidult em ter uma experi\u00eancia de compra exclusiva. Ele espera um mix de produtos din\u00e2micos e sempre atualizados, al\u00e9m da exclusividade e &#8216;raridade&#8217; dos produtos. Em loja, o consumidor gosta de um atendimento por meio de especialistas, oferecendo dicas e conselhos quanto aos produtos, etc.<br>&nbsp;<\/p>\n\n\n\n<p><strong>A rela\u00e7\u00e3o dos influenciadores digitais no consumo de brinquedos<\/strong><\/p>\n\n\n\n<p>Enaldinho, youtuber e criador de conte\u00fado com v\u00eddeos que bateram mais de 34 milh\u00f5es de visualiza\u00e7\u00f5es no YouTube, conversa sobre a rela\u00e7\u00e3o dos influenciadores no consumo de brinquedos. Ele explana sobre o in\u00edcio da sua carreira de influ\u00eancia, que veio por meio dos jogos e, por conta disso, percebeu uma possibilidade de expans\u00e3o dos conte\u00fados.<br>\u00a0<\/p>\n\n\n\n<figure class=\"wp-block-image size-full\"><img loading=\"lazy\" decoding=\"async\" width=\"800\" height=\"533\" src=\"https:\/\/tveventos.tv.br\/wp-content\/uploads\/2024\/03\/image-4.png\" alt=\"\" class=\"wp-image-844\" srcset=\"https:\/\/tveventos.tv.br\/wp-content\/uploads\/2024\/03\/image-4.png 800w, https:\/\/tveventos.tv.br\/wp-content\/uploads\/2024\/03\/image-4-300x200.png 300w, https:\/\/tveventos.tv.br\/wp-content\/uploads\/2024\/03\/image-4-768x512.png 768w, https:\/\/tveventos.tv.br\/wp-content\/uploads\/2024\/03\/image-4-150x100.png 150w, https:\/\/tveventos.tv.br\/wp-content\/uploads\/2024\/03\/image-4-696x464.png 696w\" sizes=\"auto, (max-width: 800px) 100vw, 800px\" \/><\/figure>\n\n\n\n<p><em>Da esq. para a dir.: Enaldinho (YouTuber), Cintia Medvedovsky (Ziggle) (Fotos: Recs Filmes)<\/em><\/p>\n\n\n\n<p><br>O influencer, que come\u00e7ou aos 14 anos, conta que n\u00e3o tinha muita responsabilidade com a cria\u00e7\u00e3o de conte\u00fado, criando de forma emp\u00edrica, o que ele e os amigos gostariam de ver e ouvir. Ap\u00f3s a plataforma o penalizar por conte\u00fado inadequado, ele passou a pensar no seu papel de influ\u00eancia, com responsabilidade no que comunica. O comunicador ressalta a import\u00e2ncia do stortytelling para encantar e vender produtos, sejam licenciados ou n\u00e3o.<br>\u00a0<\/p>\n\n\n\n<p>C\u00edntia Medvedovsky, CEO da ag\u00eancia de licenciamento Ziggle Licensing, conta sobre a influ\u00eancia de YouTubers para venda de produtos. Segundo a empres\u00e1ria, o p\u00fablico infantil se conecta com essas personalidades e os brinquedos licenciados vendem mais porque contam essa hist\u00f3ria. Para ela, haver\u00e1 um aumento como um todo no consumo tanto de conte\u00fado como de produtos licenciados nos pr\u00f3ximos anos.<br>&nbsp;<\/p>\n\n\n\n<p><strong>Novos marketplaces para novas clientelas<\/strong><\/p>\n\n\n\n<p>A \u00faltima palestra do primeiro dia da feira trouxe Juliana Lyra, gerente de novos neg\u00f3cios do Mercado Livre, para falar em como um marketplace pode auxiliar e impulsionar novos neg\u00f3cios, especialmente relacionados ao mercado de Kidults, com colecion\u00e1veis e cl\u00e1ssicos do passado.<br>\u00a0<\/p>\n\n\n\n<figure class=\"wp-block-image size-full\"><img loading=\"lazy\" decoding=\"async\" width=\"800\" height=\"533\" src=\"https:\/\/tveventos.tv.br\/wp-content\/uploads\/2024\/03\/image-5.png\" alt=\"\" class=\"wp-image-845\" srcset=\"https:\/\/tveventos.tv.br\/wp-content\/uploads\/2024\/03\/image-5.png 800w, https:\/\/tveventos.tv.br\/wp-content\/uploads\/2024\/03\/image-5-300x200.png 300w, https:\/\/tveventos.tv.br\/wp-content\/uploads\/2024\/03\/image-5-768x512.png 768w, https:\/\/tveventos.tv.br\/wp-content\/uploads\/2024\/03\/image-5-150x100.png 150w, https:\/\/tveventos.tv.br\/wp-content\/uploads\/2024\/03\/image-5-696x464.png 696w\" sizes=\"auto, (max-width: 800px) 100vw, 800px\" \/><\/figure>\n\n\n\n<p><em>Juliana Lyra (Mercado Livre) (Fotos: Recs Filmes)<\/em><\/p>\n\n\n\n<p><br>Juliana deu dicas de como se destacar na plataforma, como por exemplo o uso de termos e tags associados aos temas em alta na internet. Ela tamb\u00e9m comenta sobre a import\u00e2ncia do lojista em acompanhar as tend\u00eancias e oportunidades do cinema, se atentando aos relan\u00e7amentos de cl\u00e1ssicos que acontecem frequentemente por servi\u00e7os de streamings.<br>\u00a0<\/p>\n\n\n\n<p>A executiva tamb\u00e9m comenta sobre os novos produtos do Mercado Livre, desenvolvidos para auxiliar e impulsionar o lojista, como o Meli+, sistema de fidelidade e benef\u00edcios e o \u2018Mercado Shops\u2019, plataforma gratuita para criar uma loja online com todo o benef\u00edcio do Mercado Livre.<\/p>\n","protected":false},"excerpt":{"rendered":"<p>O primeiro dia da ABRIN 2024, a maior feira de neg\u00f3cios do segmento na Am\u00e9rica Latina, aconteceu oficialmente neste domingo (3) com uma cerim\u00f4nia solene de abertura de corte de fita com a presen\u00e7a de Syn\u00e9sio Batista, presidente da ABRINQ; Abdala Jamil Abdala presidente da Francal e 1\u00ba vice-presidente da UBRAFE, al\u00e9m de outros convidados. [&hellip;]<\/p>\n","protected":false},"author":2,"featured_media":839,"comment_status":"open","ping_status":"open","sticky":false,"template":"","format":"standard","meta":{"footnotes":""},"categories":[1],"tags":[],"class_list":{"0":"post-838","1":"post","2":"type-post","3":"status-publish","4":"format-standard","5":"has-post-thumbnail","7":"category-workshopsepalestras"},"_links":{"self":[{"href":"https:\/\/tveventos.tv.br\/index.php?rest_route=\/wp\/v2\/posts\/838","targetHints":{"allow":["GET"]}}],"collection":[{"href":"https:\/\/tveventos.tv.br\/index.php?rest_route=\/wp\/v2\/posts"}],"about":[{"href":"https:\/\/tveventos.tv.br\/index.php?rest_route=\/wp\/v2\/types\/post"}],"author":[{"embeddable":true,"href":"https:\/\/tveventos.tv.br\/index.php?rest_route=\/wp\/v2\/users\/2"}],"replies":[{"embeddable":true,"href":"https:\/\/tveventos.tv.br\/index.php?rest_route=%2Fwp%2Fv2%2Fcomments&post=838"}],"version-history":[{"count":3,"href":"https:\/\/tveventos.tv.br\/index.php?rest_route=\/wp\/v2\/posts\/838\/revisions"}],"predecessor-version":[{"id":847,"href":"https:\/\/tveventos.tv.br\/index.php?rest_route=\/wp\/v2\/posts\/838\/revisions\/847"}],"wp:featuredmedia":[{"embeddable":true,"href":"https:\/\/tveventos.tv.br\/index.php?rest_route=\/wp\/v2\/media\/839"}],"wp:attachment":[{"href":"https:\/\/tveventos.tv.br\/index.php?rest_route=%2Fwp%2Fv2%2Fmedia&parent=838"}],"wp:term":[{"taxonomy":"category","embeddable":true,"href":"https:\/\/tveventos.tv.br\/index.php?rest_route=%2Fwp%2Fv2%2Fcategories&post=838"},{"taxonomy":"post_tag","embeddable":true,"href":"https:\/\/tveventos.tv.br\/index.php?rest_route=%2Fwp%2Fv2%2Ftags&post=838"}],"curies":[{"name":"wp","href":"https:\/\/api.w.org\/{rel}","templated":true}]}}