{"id":848,"date":"2024-03-04T14:42:47","date_gmt":"2024-03-04T17:42:47","guid":{"rendered":"https:\/\/tveventos.tv.br\/?p=848"},"modified":"2024-03-04T14:42:50","modified_gmt":"2024-03-04T17:42:50","slug":"latam-cargo-inova-com-estande-sustentavel-na-intermodal-2024","status":"publish","type":"post","link":"https:\/\/tveventos.tv.br\/?p=848","title":{"rendered":"LATAM Cargo inova com estande sustent\u00e1vel na Intermodal 2024"},"content":{"rendered":"\n<p><em><br>Produzido pela You In, marca da Feel Alive, o projeto neutraliza at\u00e9 tr\u00eas toneladas de carbono, reutiliza materiais e garantir\u00e1 o plantio de \u00e1rvores ap\u00f3s o evento<\/em>.<\/p>\n\n\n\n<p>Reconhecido como o principal evento log\u00edstico das Am\u00e9ricas, o Intermodal South America 2024 chega a sua 28\u00ba edi\u00e7\u00e3o entre os dias 5 a 7 de mar\u00e7o, nos pavilh\u00f5es do S\u00e3o Paulo Expo Exhibition &amp; Convention Center. O encontro anual \u00e9 destinado aos setores de transporte de cargas, log\u00edstica, intralog\u00edstica, armazenagem e com\u00e9rcio exterior. Na edi\u00e7\u00e3o de 2024, a feira contar\u00e1 com mais de 500 marcas expositoras confirmadas, que apresentar\u00e3o as \u00faltimas tend\u00eancias, solu\u00e7\u00f5es, servi\u00e7os e equipamentos do setor.<\/p>\n\n\n\n<p>Dentro desse cen\u00e1rio, a LATAM Cargo estar\u00e1 presente com uma proposta inovadora e eco-friendly: um estande sustent\u00e1vel, feito em parceria com a You In, empresa respons\u00e1vel pela log\u00edstica do projeto.<\/p>\n\n\n\n<p>Uma das caracter\u00edsticas do estande \u00e9 a utiliza\u00e7\u00e3o de OSB walls (pain\u00e9is que simulam paredes), um material feito com 100% de madeira de reflorestamento. Al\u00e9m de ser sustent\u00e1vel, apresenta grande resist\u00eancia e versatilidade, sendo poss\u00edvel o reuso em eventos futuros, seguindo o ciclo de sustentabilidade proposto pela empresa.<\/p>\n\n\n\n<p>O cuidado com o meio ambiente tamb\u00e9m se estende ao piso do estande, reaproveitado de outros eventos. Trata-se de um piso modulado estruturado em metalon e chapa com OSB, garantindo durabilidade por at\u00e9 10 anos. A partir da utiliza\u00e7\u00e3o de telas por m\u00f3dulos de LED, a empresa optou por uma alternativa mais eficiente em termos energ\u00e9ticos e ambientais. O LED consome menos energia, n\u00e3o emite subst\u00e2ncias t\u00f3xicas e gera menos calor.<\/p>\n\n\n\n<p>\u201cEncarar o desafio de projetar um estande sustent\u00e1vel para a LATAM foi uma oportunidade \u00fanica de inova\u00e7\u00e3o e de exercer um compromisso que temos com a preserva\u00e7\u00e3o do meio ambiente\u201d, afirma Tiago Favaro, CEO da You In, ao refletir sobre o projeto. \u201cSer sustent\u00e1vel transcende a mera responsabilidade corporativa; \u00e9 uma quest\u00e3o de lideran\u00e7a e influ\u00eancia. Ao adotar pr\u00e1ticas sustent\u00e1veis n\u00e3o s\u00f3 atendemos a uma necessidade, mas estabelecemos um modelo que esperamos influenciar outras empresas e os participantes do evento a seguirem. A sustentabilidade \u00e9 o futuro e, na You In, estamos comprometidos em construir esse futuro hoje\u201d, completa.<\/p>\n\n\n\n<p>Para compensar as emiss\u00f5es de carbono decorrentes da opera\u00e7\u00e3o log\u00edstica e do evento em si, a LATAM Cargo adquirir\u00e1 cr\u00e9ditos de carbono de empresas comprometidas com a restaura\u00e7\u00e3o das florestas tropicais e o engajamento de comunidades locais. Vale ressaltar que todos os m\u00f3veis utilizados no estande foram locados, evitando o descarte e garantindo sua utiliza\u00e7\u00e3o em futuros eventos.<\/p>\n\n\n\n<p><strong>Servi\u00e7o<\/strong><\/p>\n\n\n\n<p>Intermodal South America 2024<\/p>\n\n\n\n<p><strong>Data:<\/strong>&nbsp;5, 6 e 7 de mar\u00e7o, das 13h \u00e0s 21h<\/p>\n\n\n\n<p><strong>Local:&nbsp;<\/strong>S\u00e3o Paulo Expo Exhibition &amp; Convention Center<\/p>\n\n\n\n<p>Para mais informa\u00e7\u00f5es sobre o evento, basta acessar o site oficial: Intermodal South America:&nbsp;<a href=\"https:\/\/www.intermodal.com.br\/pt\/home.html\" target=\"_blank\" rel=\"noreferrer noopener\">https:\/\/www.intermodal.com.br\/pt\/home.html<\/a><\/p>\n\n\n\n<p><\/p>\n","protected":false},"excerpt":{"rendered":"<p>Produzido pela You In, marca da Feel Alive, o projeto neutraliza at\u00e9 tr\u00eas toneladas de carbono, reutiliza materiais e garantir\u00e1 o plantio de \u00e1rvores ap\u00f3s o evento. Reconhecido como o principal evento log\u00edstico das Am\u00e9ricas, o Intermodal South America 2024 chega a sua 28\u00ba edi\u00e7\u00e3o entre os dias 5 a 7 de mar\u00e7o, nos pavilh\u00f5es [&hellip;]<\/p>\n","protected":false},"author":2,"featured_media":849,"comment_status":"open","ping_status":"open","sticky":false,"template":"","format":"standard","meta":{"footnotes":""},"categories":[1],"tags":[],"class_list":{"0":"post-848","1":"post","2":"type-post","3":"status-publish","4":"format-standard","5":"has-post-thumbnail","7":"category-workshopsepalestras"},"_links":{"self":[{"href":"https:\/\/tveventos.tv.br\/index.php?rest_route=\/wp\/v2\/posts\/848","targetHints":{"allow":["GET"]}}],"collection":[{"href":"https:\/\/tveventos.tv.br\/index.php?rest_route=\/wp\/v2\/posts"}],"about":[{"href":"https:\/\/tveventos.tv.br\/index.php?rest_route=\/wp\/v2\/types\/post"}],"author":[{"embeddable":true,"href":"https:\/\/tveventos.tv.br\/index.php?rest_route=\/wp\/v2\/users\/2"}],"replies":[{"embeddable":true,"href":"https:\/\/tveventos.tv.br\/index.php?rest_route=%2Fwp%2Fv2%2Fcomments&post=848"}],"version-history":[{"count":1,"href":"https:\/\/tveventos.tv.br\/index.php?rest_route=\/wp\/v2\/posts\/848\/revisions"}],"predecessor-version":[{"id":850,"href":"https:\/\/tveventos.tv.br\/index.php?rest_route=\/wp\/v2\/posts\/848\/revisions\/850"}],"wp:featuredmedia":[{"embeddable":true,"href":"https:\/\/tveventos.tv.br\/index.php?rest_route=\/wp\/v2\/media\/849"}],"wp:attachment":[{"href":"https:\/\/tveventos.tv.br\/index.php?rest_route=%2Fwp%2Fv2%2Fmedia&parent=848"}],"wp:term":[{"taxonomy":"category","embeddable":true,"href":"https:\/\/tveventos.tv.br\/index.php?rest_route=%2Fwp%2Fv2%2Fcategories&post=848"},{"taxonomy":"post_tag","embeddable":true,"href":"https:\/\/tveventos.tv.br\/index.php?rest_route=%2Fwp%2Fv2%2Ftags&post=848"}],"curies":[{"name":"wp","href":"https:\/\/api.w.org\/{rel}","templated":true}]}}