{"id":851,"date":"2024-03-04T14:51:43","date_gmt":"2024-03-04T17:51:43","guid":{"rendered":"https:\/\/tveventos.tv.br\/?p=851"},"modified":"2024-03-04T14:51:46","modified_gmt":"2024-03-04T17:51:46","slug":"feira-abrin-recebe-a-cerimonia-de-promulgacao-da-lei-de-tipologia-e-classificacao-de-eventos","status":"publish","type":"post","link":"https:\/\/tveventos.tv.br\/?p=851","title":{"rendered":"Feira Abrin recebe a cerim\u00f4nia de promulga\u00e7\u00e3o da Lei de Tipologia e Classifica\u00e7\u00e3o de Eventos"},"content":{"rendered":"\n<p><em>No primeiro dia da feira, cerim\u00f4nia apresentou diretrizes da nova lei que visa otimizar os trabalhos no setor de feiras e eventos, assim como libera\u00e7\u00f5es e intermedia\u00e7\u00f5es legais com o governo.<\/em>\u00a0<\/p>\n\n\n\n<p>No primeiro dia da 40\u00aa edi\u00e7\u00e3o da Feira ABRIN, a maior feira de neg\u00f3cios do setor de brinquedos da Am\u00e9rica Latina, promovida pela Francal em parceria com a ABRINQ, aconteceu a cerim\u00f4nia de promulga\u00e7\u00e3o da Lei 18.083\/24, conhecida como&nbsp;<strong>Lei de Tipologia e Classifica\u00e7\u00e3o de Eventos<\/strong>. A cerim\u00f4nia contou com a presen\u00e7a do vereador Rodrigo Goulart, autor do projeto, junto de Paulo Ventura (presidente) e Paulo Oct\u00e1vio (diretor executivo), representantes da UBRAFE (Uni\u00e3o Brasileira de Feiras e Eventos de Neg\u00f3cios), a entidade respons\u00e1vel por intermediar o encontro com autoridades e membros da classe. Participaram, ainda, o Secret\u00e1rio do Min. De Desenvolvimento Econ\u00f4mico e Trabalho de S\u00e3o Paulo, Arnaldo de Almeida e Abdala Jamil Abdala, presidente da Francal e 1\u00ba Vice-presidente da UBRAFE.<br>&nbsp;<\/p>\n\n\n\n<p>A cerim\u00f4nia marcou um momento hist\u00f3rico para o mercado de feiras, sendo resultado de muito trabalho e interlocu\u00e7\u00e3o entre executivos e pol\u00edticos, desde a pandemia, para elucidar as quest\u00f5es relacionadas a \u201ceventos\u201d no Estado de S\u00e3o Paulo. A medida categoriza mais de 78 tipos de eventos, dando respaldo legal para as atividades e garantindo homologa\u00e7\u00e3o para o exerc\u00edcio de eventos e feiras. Abdala Jamil Abdala, presidente da Francal e 1\u00ba vice-presidente da UBRAFE, destaca que\u00a0<em>\u201ceste \u00e9 um marco para o setor, agora com a devida identifica\u00e7\u00e3o para as atividades desempenhadas. O setor de feiras e eventos est\u00e1 sendo reconhecido pela gera\u00e7\u00e3o de neg\u00f3cios e empregos cruciais no Pa\u00eds\u201d.<\/em>\u00a0<\/p>\n\n\n\n<figure class=\"wp-block-image size-large\"><img loading=\"lazy\" decoding=\"async\" width=\"683\" height=\"1024\" src=\"https:\/\/tveventos.tv.br\/wp-content\/uploads\/2024\/03\/image-6-683x1024.png\" alt=\"\" class=\"wp-image-852\" srcset=\"https:\/\/tveventos.tv.br\/wp-content\/uploads\/2024\/03\/image-6-683x1024.png 683w, https:\/\/tveventos.tv.br\/wp-content\/uploads\/2024\/03\/image-6-200x300.png 200w, https:\/\/tveventos.tv.br\/wp-content\/uploads\/2024\/03\/image-6-768x1152.png 768w, https:\/\/tveventos.tv.br\/wp-content\/uploads\/2024\/03\/image-6-150x225.png 150w, https:\/\/tveventos.tv.br\/wp-content\/uploads\/2024\/03\/image-6-300x450.png 300w, https:\/\/tveventos.tv.br\/wp-content\/uploads\/2024\/03\/image-6-696x1044.png 696w, https:\/\/tveventos.tv.br\/wp-content\/uploads\/2024\/03\/image-6.png 800w\" sizes=\"auto, (max-width: 683px) 100vw, 683px\" \/><\/figure>\n\n\n\n<p>\u00a0<em>Abdala Jamil Abdala, presidente da Francal e 1\u00ba vice-presidente da UBRAFE (Foto: Recs Filmes)<\/em>\u00a0<\/p>\n\n\n\n<p>O vereador de S\u00e3o Paulo e redator do projeto de lei, Rodrigo Goulart, comenta que&nbsp;<em>\u201cn\u00e3o tem d\u00favidas de que, em breve, teremos essa lei em n\u00edvel nacional, SP tende a ser modelo e definitivamente ver\u00e3o os benef\u00edcios da tipifica\u00e7\u00e3o de eventos para gera\u00e7\u00e3o de a\u00e7\u00f5es e projetos nas cidades\u201d<\/em>&nbsp;<br>&nbsp;<\/p>\n\n\n\n<p>Armando de Almeida, secret\u00e1rio do Minist\u00e9rio de Desenvolvimento Econ\u00f4mico e Trabalho do governo de SP, prestigiou a cerim\u00f4nia em nome do prefeito Ricardo Nunes, tamb\u00e9m pe\u00e7a fundamental para a concretiza\u00e7\u00e3o do projeto. Armando destaca que a classifica\u00e7\u00e3o dos eventos ajuda tamb\u00e9m o estado a elaborar o calend\u00e1rio anual de eventos que ser\u00e3o impulsionados pelo governo e direcionar as verbas estrategicamente.<\/p>\n\n\n\n<figure class=\"wp-block-image size-full\"><img loading=\"lazy\" decoding=\"async\" width=\"800\" height=\"533\" src=\"https:\/\/tveventos.tv.br\/wp-content\/uploads\/2024\/03\/image-8.png\" alt=\"\" class=\"wp-image-854\" srcset=\"https:\/\/tveventos.tv.br\/wp-content\/uploads\/2024\/03\/image-8.png 800w, https:\/\/tveventos.tv.br\/wp-content\/uploads\/2024\/03\/image-8-300x200.png 300w, https:\/\/tveventos.tv.br\/wp-content\/uploads\/2024\/03\/image-8-768x512.png 768w, https:\/\/tveventos.tv.br\/wp-content\/uploads\/2024\/03\/image-8-150x100.png 150w, https:\/\/tveventos.tv.br\/wp-content\/uploads\/2024\/03\/image-8-696x464.png 696w\" sizes=\"auto, (max-width: 800px) 100vw, 800px\" \/><\/figure>\n\n\n\n<p>\u00a0<em>O Vereador Rodrigo Goulart e Armando de Almeida, secret\u00e1rio do Minist\u00e9rio de Desenvolvimento Econ\u00f4mico e Trabalho do governo de SP (Foto: Recs Films)<\/em><\/p>\n","protected":false},"excerpt":{"rendered":"<p>No primeiro dia da feira, cerim\u00f4nia apresentou diretrizes da nova lei que visa otimizar os trabalhos no setor de feiras e eventos, assim como libera\u00e7\u00f5es e intermedia\u00e7\u00f5es legais com o governo.\u00a0 No primeiro dia da 40\u00aa edi\u00e7\u00e3o da Feira ABRIN, a maior feira de neg\u00f3cios do setor de brinquedos da Am\u00e9rica Latina, promovida pela Francal [&hellip;]<\/p>\n","protected":false},"author":2,"featured_media":855,"comment_status":"open","ping_status":"open","sticky":false,"template":"","format":"standard","meta":{"footnotes":""},"categories":[1],"tags":[],"class_list":{"0":"post-851","1":"post","2":"type-post","3":"status-publish","4":"format-standard","5":"has-post-thumbnail","7":"category-workshopsepalestras"},"_links":{"self":[{"href":"https:\/\/tveventos.tv.br\/index.php?rest_route=\/wp\/v2\/posts\/851","targetHints":{"allow":["GET"]}}],"collection":[{"href":"https:\/\/tveventos.tv.br\/index.php?rest_route=\/wp\/v2\/posts"}],"about":[{"href":"https:\/\/tveventos.tv.br\/index.php?rest_route=\/wp\/v2\/types\/post"}],"author":[{"embeddable":true,"href":"https:\/\/tveventos.tv.br\/index.php?rest_route=\/wp\/v2\/users\/2"}],"replies":[{"embeddable":true,"href":"https:\/\/tveventos.tv.br\/index.php?rest_route=%2Fwp%2Fv2%2Fcomments&post=851"}],"version-history":[{"count":1,"href":"https:\/\/tveventos.tv.br\/index.php?rest_route=\/wp\/v2\/posts\/851\/revisions"}],"predecessor-version":[{"id":856,"href":"https:\/\/tveventos.tv.br\/index.php?rest_route=\/wp\/v2\/posts\/851\/revisions\/856"}],"wp:featuredmedia":[{"embeddable":true,"href":"https:\/\/tveventos.tv.br\/index.php?rest_route=\/wp\/v2\/media\/855"}],"wp:attachment":[{"href":"https:\/\/tveventos.tv.br\/index.php?rest_route=%2Fwp%2Fv2%2Fmedia&parent=851"}],"wp:term":[{"taxonomy":"category","embeddable":true,"href":"https:\/\/tveventos.tv.br\/index.php?rest_route=%2Fwp%2Fv2%2Fcategories&post=851"},{"taxonomy":"post_tag","embeddable":true,"href":"https:\/\/tveventos.tv.br\/index.php?rest_route=%2Fwp%2Fv2%2Ftags&post=851"}],"curies":[{"name":"wp","href":"https:\/\/api.w.org\/{rel}","templated":true}]}}