{"id":861,"date":"2024-03-04T15:09:00","date_gmt":"2024-03-04T18:09:00","guid":{"rendered":"https:\/\/tveventos.tv.br\/?p=861"},"modified":"2024-03-04T15:09:03","modified_gmt":"2024-03-04T18:09:03","slug":"prosegur-participa-pela-11a-vez-da-intermodal-south-america-o-maior-evento-de-logistica-das-americas","status":"publish","type":"post","link":"https:\/\/tveventos.tv.br\/?p=861","title":{"rendered":"Prosegur participa pela 11\u00aa vez da Intermodal South America, o maior evento de Log\u00edstica das Am\u00e9ricas"},"content":{"rendered":"\n<p><em>A companhia ir\u00e1 apresentar o servi\u00e7o de transporte internacional de cargas via a\u00e9rea, mar\u00edtima e terrestre, que acaba de ser certificado pela IATA.<\/em><\/p>\n\n\n\n<p><strong>S\u00e3o Paulo, 4 mar\u00e7o de 2024&nbsp;<\/strong>\u2013 A Intermodal South America, o maior evento de Log\u00edstica, Intralog\u00edstica, Tecnologia, Transporte de Cargas e Com\u00e9rcio Exterior das Am\u00e9ricas, deve marcar o calend\u00e1rio de eventos no Brasil em 2024. De 5 a 7 de mar\u00e7o, a 28\u00aa edi\u00e7\u00e3o do evento ocorre no S\u00e3o Paulo Expo, com previs\u00e3o de 43 mil visitantes. O n\u00famero expressivo de p\u00fablico reflete os dados positivos dos \u00faltimos anos. De 2022 a 2026, estima-se que o setor privado investir\u00e1 R\uff04 124,3 bilh\u00f5es em transporte e log\u00edstica, segundo a Associa\u00e7\u00e3o Brasileira da Infraestrutura e Ind\u00fastrias de Base (Abdib).<\/p>\n\n\n\n<p>A Prosegur, refer\u00eancia no segmento de log\u00edstica de valores e transporte de cargas especiais no Brasil, participa da Intermodal este ano pela 11\u00aa vez e apresenta a entrada da companhia no servi\u00e7o de transporte internacional de cargas via a\u00e9rea, mar\u00edtima e terrestre. A novidade contempla a gest\u00e3o de ponta a ponta ou em est\u00e1gios espec\u00edficos da importa\u00e7\u00e3o ou exporta\u00e7\u00e3o de valores para mais de 20 pa\u00edses onde j\u00e1 atua ou em outros pa\u00edses atrav\u00e9s de seus agentes autorizados.<\/p>\n\n\n\n<p>Pelo servi\u00e7o de transporte internacional de cargas, podem ser administrados numer\u00e1rios nacionais e estrangeiros, metais e pedras preciosas \u2013 que inclui ainda o servi\u00e7o de cust\u00f3dia, das minas \u00e0s refinarias e das refinarias at\u00e9 o consumidor final. A novidade tamb\u00e9m engloba a log\u00edstica de cart\u00f5es de cr\u00e9dito, hologramas e vale-presente, que envolve o armazenamento e a distribui\u00e7\u00e3o \u00e0s lojas, al\u00e9m de artigos de moda e luxo aos principais players dos mercados transportados pelos principais aeroportos e portos.<\/p>\n\n\n\n<p>A gest\u00e3o dos produtos do transporte internacional de cargas da Prosegur \u00e9 reconhecida pela Associa\u00e7\u00e3o Internacional de Transportes A\u00e9reos (IATA) com o Certificado de Agente de Carga. O selo sinaliza \u00e0s companhias a\u00e9reas ao redor do mundo que a Prosegur \u00e9 uma empresa competente nos aspectos ligados \u00e0 carga financeira e ao servi\u00e7o prestado.<\/p>\n\n\n\n<p>\u201cEstamos trabalhando globalmente na diversifica\u00e7\u00e3o dos neg\u00f3cios da companhia, o que inclui o lan\u00e7amento de novos produtos, novas solu\u00e7\u00f5es e at\u00e9 novos neg\u00f3cios em ader\u00eancia com o&nbsp;<em>core business<\/em>. Al\u00e9m disso, acreditamos no capital humano, investindo na capacita\u00e7\u00e3o da equipe operacional e administrativa\u201d, comenta S\u00e9rgio Fran\u00e7a, diretor Comercial e de Estrat\u00e9gia da Prosegur Cash Brasil.&#8221;<\/p>\n\n\n\n<p><strong>Tradi\u00e7\u00e3o em log\u00edstica<\/strong><\/p>\n\n\n\n<p>A Prosegur \u00e9 refer\u00eancia no segmento de log\u00edstica de valores e transporte de cargas especiais. No Brasil, a companhia gera mais de 10 mil empregos diretos, chega a mais de 80% dos munic\u00edpios brasileiros, com milhares de clientes dos mais diversificados setores. No pa\u00eds, s\u00e3o mais de 100 filiais e \u00e9 a \u00fanica empresa de seguran\u00e7a em todos os estados.<\/p>\n\n\n\n<p><br>A marca possui uma frota de caminh\u00f5es blindados, todos equipados com fechaduras rand\u00f4micas, sistema de videomonitoramento, sensores que podem ser aferidos em tempo real pela CMCV &#8211; Central de Monitoramento de Cargas Valiosas, entre outros sistemas. \u201cDiferentemente das transportadoras tradicionais, toda a frota de caminh\u00f5es blindados \u00e9 conduzida por uma equipe de quatro vigilantes armados e treinados para agir em caso de tentativa de roubo da carga transportada\u201d, completa S\u00e9rgio.<\/p>\n\n\n\n<p>A Prosegur possui ainda um rodotrem com capacidade para transporte de at\u00e9 48 palets, sendo o maior caminh\u00e3o blindado do mundo. A carreta desenvolvida para o transporte de cargas especiais estar\u00e1 exposta para visita\u00e7\u00e3o do p\u00fablico da feira.<\/p>\n\n\n\n<figure class=\"wp-block-image size-large\"><img loading=\"lazy\" decoding=\"async\" width=\"1024\" height=\"683\" src=\"https:\/\/tveventos.tv.br\/wp-content\/uploads\/2024\/03\/image-9-1024x683.png\" alt=\"\" class=\"wp-image-862\" srcset=\"https:\/\/tveventos.tv.br\/wp-content\/uploads\/2024\/03\/image-9-1024x683.png 1024w, https:\/\/tveventos.tv.br\/wp-content\/uploads\/2024\/03\/image-9-300x200.png 300w, https:\/\/tveventos.tv.br\/wp-content\/uploads\/2024\/03\/image-9-768x512.png 768w, https:\/\/tveventos.tv.br\/wp-content\/uploads\/2024\/03\/image-9-150x100.png 150w, https:\/\/tveventos.tv.br\/wp-content\/uploads\/2024\/03\/image-9-696x464.png 696w, https:\/\/tveventos.tv.br\/wp-content\/uploads\/2024\/03\/image-9-1068x713.png 1068w, https:\/\/tveventos.tv.br\/wp-content\/uploads\/2024\/03\/image-9.png 1298w\" sizes=\"auto, (max-width: 1024px) 100vw, 1024px\" \/><\/figure>\n\n\n\n<p><em>Rodotrem da Prosegur \u2013 maior caminh\u00e3o blindado do mundo, com capacidade para transportar at\u00e9 48 palets<\/em><\/p>\n\n\n\n<p><strong>Sobre a Prosegur Cash<\/strong><\/p>\n\n\n\n<p><br>A Prosegur Cash \u00e9 uma empresa refer\u00eancia no segmento de log\u00edstica de valores e gest\u00e3o de numer\u00e1rio e pertence ao Grupo Prosegur. A companhia tem presen\u00e7a em mais de 20 pa\u00edses e cerca de 45 mil funcion\u00e1rios. Em 2022, a Prosegur Cash obteve uma receita de 1.872 milh\u00f5es de euros. Al\u00e9m disso, articula seu compromisso social trabalhando em 10 dos 17 Objetivos de Desenvolvimento Sustent\u00e1vel (ODS) da ONU, nas quais considera que pode gerar um impacto positivo.<\/p>\n\n\n\n<p>A Prosegur Cash faz parte do The Climate Pledge, uma alian\u00e7a internacional cujos membros se comprometeram a gerar zero emiss\u00f5es l\u00edquidas de carbono at\u00e9 2040. A companhia est\u00e1 listada nas bolsas de valores espanholas sob o indicador CASH.<\/p>\n\n\n\n<p>Para mais informa\u00e7\u00f5es, visite o\u00a0<a href=\"https:\/\/s2403.imxsnd16.com\/link.php?code=bDpodHRwcyUzQSUyRiUyRnd3dy5wcm9zZWd1ci5jb20uYnIuOjM5OTA2NDA0MTg6cmVkYWNhb3R2ZXZlbnRvc0BnbWFpbC5jb206NjhkOWI2Ojcx\" target=\"_blank\" rel=\"noreferrer noopener\">site<\/a>.<\/p>\n","protected":false},"excerpt":{"rendered":"<p>A companhia ir\u00e1 apresentar o servi\u00e7o de transporte internacional de cargas via a\u00e9rea, mar\u00edtima e terrestre, que acaba de ser certificado pela IATA. S\u00e3o Paulo, 4 mar\u00e7o de 2024&nbsp;\u2013 A Intermodal South America, o maior evento de Log\u00edstica, Intralog\u00edstica, Tecnologia, Transporte de Cargas e Com\u00e9rcio Exterior das Am\u00e9ricas, deve marcar o calend\u00e1rio de eventos no [&hellip;]<\/p>\n","protected":false},"author":2,"featured_media":863,"comment_status":"open","ping_status":"open","sticky":false,"template":"","format":"standard","meta":{"footnotes":""},"categories":[1],"tags":[],"class_list":{"0":"post-861","1":"post","2":"type-post","3":"status-publish","4":"format-standard","5":"has-post-thumbnail","7":"category-workshopsepalestras"},"_links":{"self":[{"href":"https:\/\/tveventos.tv.br\/index.php?rest_route=\/wp\/v2\/posts\/861","targetHints":{"allow":["GET"]}}],"collection":[{"href":"https:\/\/tveventos.tv.br\/index.php?rest_route=\/wp\/v2\/posts"}],"about":[{"href":"https:\/\/tveventos.tv.br\/index.php?rest_route=\/wp\/v2\/types\/post"}],"author":[{"embeddable":true,"href":"https:\/\/tveventos.tv.br\/index.php?rest_route=\/wp\/v2\/users\/2"}],"replies":[{"embeddable":true,"href":"https:\/\/tveventos.tv.br\/index.php?rest_route=%2Fwp%2Fv2%2Fcomments&post=861"}],"version-history":[{"count":1,"href":"https:\/\/tveventos.tv.br\/index.php?rest_route=\/wp\/v2\/posts\/861\/revisions"}],"predecessor-version":[{"id":864,"href":"https:\/\/tveventos.tv.br\/index.php?rest_route=\/wp\/v2\/posts\/861\/revisions\/864"}],"wp:featuredmedia":[{"embeddable":true,"href":"https:\/\/tveventos.tv.br\/index.php?rest_route=\/wp\/v2\/media\/863"}],"wp:attachment":[{"href":"https:\/\/tveventos.tv.br\/index.php?rest_route=%2Fwp%2Fv2%2Fmedia&parent=861"}],"wp:term":[{"taxonomy":"category","embeddable":true,"href":"https:\/\/tveventos.tv.br\/index.php?rest_route=%2Fwp%2Fv2%2Fcategories&post=861"},{"taxonomy":"post_tag","embeddable":true,"href":"https:\/\/tveventos.tv.br\/index.php?rest_route=%2Fwp%2Fv2%2Ftags&post=861"}],"curies":[{"name":"wp","href":"https:\/\/api.w.org\/{rel}","templated":true}]}}