{"id":865,"date":"2024-03-04T15:16:52","date_gmt":"2024-03-04T18:16:52","guid":{"rendered":"https:\/\/tveventos.tv.br\/?p=865"},"modified":"2024-03-04T15:16:56","modified_gmt":"2024-03-04T18:16:56","slug":"abrin-2024-pimpolho-apresenta-496-produtos-na-maior-feira-de-brinquedos-da-america-latina","status":"publish","type":"post","link":"https:\/\/tveventos.tv.br\/?p=865","title":{"rendered":"Abrin 2024: Pimpolho apresenta 496 produtos na maior feira de brinquedos da Am\u00e9rica Latina"},"content":{"rendered":"\n<p><em>A marca chega no evento em clima de celebra\u00e7\u00e3o ap\u00f3s o lan\u00e7amento de um e-commerce para varejistas, a expans\u00e3o de 22% do Centro de Distribui\u00e7\u00e3o e o aumento de 30% nas vendas<\/em><\/p>\n\n\n\n<p>A Pimpolho, empresa com mais de 60 anos de expertise na fabrica\u00e7\u00e3o e comercializa\u00e7\u00e3o de produtos infantis, desenvolvidos para todas as fases da inf\u00e2ncia, participa da 40\u00aa edi\u00e7\u00e3o da Abrin, principal evento de brinquedos da Am\u00e9rica Latina, que acontece entre os dias 3 e 6 de mar\u00e7o, no Expo Center Norte, em S\u00e3o Paulo. Para o evento, a empresa apresentar\u00e1 mais de 496 itens ligados \u00e0 puericultura e brinquedos voltados \u00e0 primeir\u00edssima inf\u00e2ncia. Entre os principais lan\u00e7amentos est\u00e3o a cadeira de alimenta\u00e7\u00e3o, o tapete de introdu\u00e7\u00e3o alimentar, linha de produtos de alimenta\u00e7\u00e3o em silicone, andadores, pel\u00facias, brinquedos sensoriais e interativos.<br>&nbsp;<\/p>\n\n\n\n<p>\u201cEstamos com grandes expectativas para esta edi\u00e7\u00e3o da Abrin. Fechamos 2023 com excelentes resultados, totalmente alinhados ao amadurecimento do nosso modelo de neg\u00f3cio, principalmente ap\u00f3s a expans\u00e3o do nosso Centro de Distribui\u00e7\u00e3o e o lan\u00e7amento de um e-commerce espec\u00edfico para varejistas. Para 2024 pretendemos usar a Abrin como uma oportunidade para a consolida\u00e7\u00e3o do posicionamento da empresa como marca refer\u00eancia em artigos infantis. Nossa expectativa \u00e9 ampliar ainda mais a penetra\u00e7\u00e3o do portf\u00f3lio de puericultura leve da companhia no varejo nacional\u201d, explica Claudio Taraborrelli, gerente nacional de vendas da Pimpolho.<br>&nbsp;<\/p>\n\n\n\n<p>Confira as principais novidades da Pimpolho para o evento!<br>&nbsp;<\/p>\n\n\n\n<p><strong>Siri Interativo<\/strong>, um brinquedo sensorial e divertido para estimular o aprendizado e a criatividade dos pequenos. As 6 cordinhas multi texturizadas desenvolvem habilidades motoras finas. Os bot\u00f5es macios e deslizantes exercitam a flexibilidade e movimenta\u00e7\u00e3o dos dedinhos, enquanto as formas de encaixar com sininhos incentivam a percep\u00e7\u00e3o auditiva e reconhecimento de formas geom\u00e9tricas. S\u00e3o diversas atividades que despertam a curiosidade e permitem horas de brincadeiras educativas e muita divers\u00e3o!<\/p>\n\n\n\n<figure class=\"wp-block-image size-full is-resized\"><img loading=\"lazy\" decoding=\"async\" width=\"523\" height=\"523\" src=\"https:\/\/tveventos.tv.br\/wp-content\/uploads\/2024\/03\/image-10.png\" alt=\"\" class=\"wp-image-866\" style=\"width:344px;height:auto\" srcset=\"https:\/\/tveventos.tv.br\/wp-content\/uploads\/2024\/03\/image-10.png 523w, https:\/\/tveventos.tv.br\/wp-content\/uploads\/2024\/03\/image-10-300x300.png 300w, https:\/\/tveventos.tv.br\/wp-content\/uploads\/2024\/03\/image-10-150x150.png 150w\" sizes=\"auto, (max-width: 523px) 100vw, 523px\" \/><\/figure>\n\n\n\n<p><strong>Andador Carrinho Interativo<\/strong>\u00a0proporciona apoio e estabilidade para auxiliar nos primeiros passinhos do beb\u00ea de forma divertida e segura, al\u00e9m de estimular o aprendizado e a criatividade por meio de formas, cores e sons. O carrinho musical \u00e9 remov\u00edvel permitindo que a crian\u00e7a brinque em qualquer lugar.<\/p>\n\n\n\n<figure class=\"wp-block-image size-full is-resized\"><img loading=\"lazy\" decoding=\"async\" width=\"346\" height=\"346\" src=\"https:\/\/tveventos.tv.br\/wp-content\/uploads\/2024\/03\/image-11.png\" alt=\"\" class=\"wp-image-867\" style=\"width:292px;height:auto\" srcset=\"https:\/\/tveventos.tv.br\/wp-content\/uploads\/2024\/03\/image-11.png 346w, https:\/\/tveventos.tv.br\/wp-content\/uploads\/2024\/03\/image-11-300x300.png 300w, https:\/\/tveventos.tv.br\/wp-content\/uploads\/2024\/03\/image-11-150x150.png 150w\" sizes=\"auto, (max-width: 346px) 100vw, 346px\" \/><\/figure>\n\n\n\n<p><strong>Carrinho Fofinho Corre-Corre<\/strong>\u00a0\u00e9 produzido em material acolchoado, macio e com rodinhas silenciosas revestidas em borracha para proporcionar seguran\u00e7a durante a brincadeira. O sistema de fric\u00e7\u00e3o permite rota\u00e7\u00e3o autom\u00e1tica para longas corridas e desperta a curiosidade, divertindo e incentivando o beb\u00ea a engatinhar.<\/p>\n\n\n\n<figure class=\"wp-block-image size-full is-resized\"><img loading=\"lazy\" decoding=\"async\" width=\"346\" height=\"346\" src=\"https:\/\/tveventos.tv.br\/wp-content\/uploads\/2024\/03\/image-12.png\" alt=\"\" class=\"wp-image-868\" style=\"width:274px;height:auto\" srcset=\"https:\/\/tveventos.tv.br\/wp-content\/uploads\/2024\/03\/image-12.png 346w, https:\/\/tveventos.tv.br\/wp-content\/uploads\/2024\/03\/image-12-300x300.png 300w, https:\/\/tveventos.tv.br\/wp-content\/uploads\/2024\/03\/image-12-150x150.png 150w\" sizes=\"auto, (max-width: 346px) 100vw, 346px\" \/><\/figure>\n\n\n\n<p><strong>Tapete de Introdu\u00e7\u00e3o Alimentar\u00a0<\/strong>mant\u00e9m o ambiente limpo durante o momento da refei\u00e7\u00e3o e, logo ap\u00f3s a ocasi\u00e3o, basta puxar a cordinha, que ele vira uma bolsa que recolhe a sujeira, facilitando tamb\u00e9m a higieniza\u00e7\u00e3o.<br>\u00a0<\/p>\n\n\n\n<figure class=\"wp-block-image size-full is-resized\"><img loading=\"lazy\" decoding=\"async\" width=\"346\" height=\"346\" src=\"https:\/\/tveventos.tv.br\/wp-content\/uploads\/2024\/03\/image-13.png\" alt=\"\" class=\"wp-image-869\" style=\"width:295px;height:auto\" srcset=\"https:\/\/tveventos.tv.br\/wp-content\/uploads\/2024\/03\/image-13.png 346w, https:\/\/tveventos.tv.br\/wp-content\/uploads\/2024\/03\/image-13-300x300.png 300w, https:\/\/tveventos.tv.br\/wp-content\/uploads\/2024\/03\/image-13-150x150.png 150w\" sizes=\"auto, (max-width: 346px) 100vw, 346px\" \/><\/figure>\n\n\n\n<p><strong>Cadeira de Alimenta\u00e7\u00e3o<\/strong>\u00a0proporciona praticidade e seguran\u00e7a na introdu\u00e7\u00e3o alimentar. \u00c9 port\u00e1til, possui mesa remov\u00edvel que facilita a limpeza e o posicionamento do beb\u00ea. As tiras regul\u00e1veis no encosto e no assento ajudam a fixar o item na cadeira de adulto, o beb\u00ea fica seguro com os cintos regul\u00e1veis. Possui ajuste de altura, al\u00e9m de ser dobr\u00e1vel e compacto para o transporte. Indicado para beb\u00eas de 6 a 24 meses ou at\u00e9 15 kg.<\/p>\n\n\n\n<figure class=\"wp-block-image size-full\"><img loading=\"lazy\" decoding=\"async\" width=\"260\" height=\"260\" src=\"https:\/\/tveventos.tv.br\/wp-content\/uploads\/2024\/03\/image-14.png\" alt=\"\" class=\"wp-image-870\" srcset=\"https:\/\/tveventos.tv.br\/wp-content\/uploads\/2024\/03\/image-14.png 260w, https:\/\/tveventos.tv.br\/wp-content\/uploads\/2024\/03\/image-14-150x150.png 150w\" sizes=\"auto, (max-width: 260px) 100vw, 260px\" \/><\/figure>\n\n\n\n<p><strong>Linha de produtos de alimenta\u00e7\u00e3o em silicone<\/strong>, com um toque macio e aveludado, o conjunto de produtos vai acompanhar o beb\u00ea na introdu\u00e7\u00e3o alimentar. Entre as novidades: babador regul\u00e1vel com bolso cata-migalhas, colher de treinamento para introdu\u00e7\u00e3o alimentar, bowl e prato com divis\u00f3rias e ventosas de alta fixa\u00e7\u00e3o, al\u00e9m de copo com canudo.<br>\u00a0<\/p>\n\n\n\n<figure class=\"wp-block-image size-full\"><img loading=\"lazy\" decoding=\"async\" width=\"346\" height=\"346\" src=\"https:\/\/tveventos.tv.br\/wp-content\/uploads\/2024\/03\/image-15.png\" alt=\"\" class=\"wp-image-871\" srcset=\"https:\/\/tveventos.tv.br\/wp-content\/uploads\/2024\/03\/image-15.png 346w, https:\/\/tveventos.tv.br\/wp-content\/uploads\/2024\/03\/image-15-300x300.png 300w, https:\/\/tveventos.tv.br\/wp-content\/uploads\/2024\/03\/image-15-150x150.png 150w\" sizes=\"auto, (max-width: 346px) 100vw, 346px\" \/><\/figure>\n\n\n\n<p><br><strong>Sobre a Pimpolho&nbsp;<\/strong>&nbsp;<\/p>\n\n\n\n<p>Com mais de 60 anos de trajet\u00f3ria, a Pimpolho \u00e9 uma empresa que atua no segmento de produtos infantis, com expertise na fabrica\u00e7\u00e3o e comercializa\u00e7\u00e3o de cal\u00e7ados, meias, acess\u00f3rios, brinquedos e produtos voltados para sa\u00fade e bem-estar. Situada na cidade de Serra, Esp\u00edrito Santo, foi fundada pelo empreendedor Jos\u00e9 Tavares de Brito, ao lado de sua esposa, Nilza Vieira de Azevedo. Hoje, sua gest\u00e3o encontra-se sob os cuidados da terceira gera\u00e7\u00e3o da fam\u00edlia Brito. Somando mais de 3 mil produtos em seu portf\u00f3lio, que atendem beb\u00eas e crian\u00e7as de 0 a 4 anos, e presente em mais de 3 mil cidades brasileiras e 40 pa\u00edses, a marca tem como prop\u00f3sito fortalecer rela\u00e7\u00f5es afetivas e familiares a partir do apoio ao desenvolvimento infantil \u2013 cognitivo, f\u00edsico, social e afetivo &#8211; em todas as suas fases e dimens\u00f5es, contribuindo para formar crian\u00e7as felizes, autoconfiantes e capazes de criar um futuro promissor para as novas gera\u00e7\u00f5es.<\/p>\n","protected":false},"excerpt":{"rendered":"<p>A marca chega no evento em clima de celebra\u00e7\u00e3o ap\u00f3s o lan\u00e7amento de um e-commerce para varejistas, a expans\u00e3o de 22% do Centro de Distribui\u00e7\u00e3o e o aumento de 30% nas vendas A Pimpolho, empresa com mais de 60 anos de expertise na fabrica\u00e7\u00e3o e comercializa\u00e7\u00e3o de produtos infantis, desenvolvidos para todas as fases da [&hellip;]<\/p>\n","protected":false},"author":2,"featured_media":872,"comment_status":"open","ping_status":"open","sticky":false,"template":"","format":"standard","meta":{"footnotes":""},"categories":[1],"tags":[],"class_list":{"0":"post-865","1":"post","2":"type-post","3":"status-publish","4":"format-standard","5":"has-post-thumbnail","7":"category-workshopsepalestras"},"_links":{"self":[{"href":"https:\/\/tveventos.tv.br\/index.php?rest_route=\/wp\/v2\/posts\/865","targetHints":{"allow":["GET"]}}],"collection":[{"href":"https:\/\/tveventos.tv.br\/index.php?rest_route=\/wp\/v2\/posts"}],"about":[{"href":"https:\/\/tveventos.tv.br\/index.php?rest_route=\/wp\/v2\/types\/post"}],"author":[{"embeddable":true,"href":"https:\/\/tveventos.tv.br\/index.php?rest_route=\/wp\/v2\/users\/2"}],"replies":[{"embeddable":true,"href":"https:\/\/tveventos.tv.br\/index.php?rest_route=%2Fwp%2Fv2%2Fcomments&post=865"}],"version-history":[{"count":1,"href":"https:\/\/tveventos.tv.br\/index.php?rest_route=\/wp\/v2\/posts\/865\/revisions"}],"predecessor-version":[{"id":873,"href":"https:\/\/tveventos.tv.br\/index.php?rest_route=\/wp\/v2\/posts\/865\/revisions\/873"}],"wp:featuredmedia":[{"embeddable":true,"href":"https:\/\/tveventos.tv.br\/index.php?rest_route=\/wp\/v2\/media\/872"}],"wp:attachment":[{"href":"https:\/\/tveventos.tv.br\/index.php?rest_route=%2Fwp%2Fv2%2Fmedia&parent=865"}],"wp:term":[{"taxonomy":"category","embeddable":true,"href":"https:\/\/tveventos.tv.br\/index.php?rest_route=%2Fwp%2Fv2%2Fcategories&post=865"},{"taxonomy":"post_tag","embeddable":true,"href":"https:\/\/tveventos.tv.br\/index.php?rest_route=%2Fwp%2Fv2%2Ftags&post=865"}],"curies":[{"name":"wp","href":"https:\/\/api.w.org\/{rel}","templated":true}]}}