{"id":880,"date":"2024-03-06T13:38:34","date_gmt":"2024-03-06T16:38:34","guid":{"rendered":"https:\/\/tveventos.tv.br\/?p=880"},"modified":"2024-03-06T13:38:37","modified_gmt":"2024-03-06T16:38:37","slug":"centerminas-expo-recebe-12o-encontro-nacional-de-fe-e-politica","status":"publish","type":"post","link":"https:\/\/tveventos.tv.br\/?p=880","title":{"rendered":"Centerminas Expo recebe 12\u00ba Encontro Nacional de F\u00e9 e Pol\u00edtica"},"content":{"rendered":"\n<p class=\"has-text-align-center\"><em>Ap\u00f3s cinco anos, o Encontro Nacional de F\u00e9 e Pol\u00edtica retorna para sua 12\u00aa edi\u00e7\u00e3o. O tradicional evento inter-religioso ser\u00e1 realizado, de 5 a 7 de abril<\/em><\/p>\n\n\n\n<p>Ap\u00f3s cinco anos, o Encontro Nacional de F\u00e9 e Pol\u00edtica retorna para sua 12\u00aa edi\u00e7\u00e3o. O tradicional evento&nbsp; inter-religioso ser\u00e1 realizado, de 5 a 7 de abril,&nbsp; no Centerminas Expo, centro de conven\u00e7\u00f5es da capital mineira, localizado no bairro Uni\u00e3o, na Regi\u00e3o Nordeste de Belo Horizonte.<\/p>\n\n\n\n<p>Com o tema \u201cEspiritualidade Libertadora: Encantar a pol\u00edtica com arte, cultura e democracia!\u201d, o encontro \u00e9 uma continuidade das atividades realizadas pelo Movimento Nacional de F\u00e9 e Pol\u00edtica que teve sua primeira edi\u00e7\u00e3o realizada em 2000, na cidade de Santo Andr\u00e9 (SP). O \u00faltimo encontro foi realizado em 2019, antes da pandemia, na cidade de Natal, no Rio Grande do Norte.<\/p>\n\n\n\n<p>O movimento F\u00e9 e Pol\u00edtica foi criado em junho de 1989, no Rio de Janeiro, durante um encontro de um grupo de pessoas unidas pela f\u00e9 crist\u00e3 e engajadas em movimentos sociais, partidos pol\u00edticos e mandatos populares, com o objetivo de alimentar a dimens\u00e3o \u00e9tica e espiritual que deve animar a atividade pol\u00edtica. Ao longo dos anos, naturalmente, o movimento trouxe para as reflex\u00f5es o ecumenismo ampliando o di\u00e1logo inter-religioso. O intuito \u00e9 propiciar \u00e0s pessoas que professam diferentes religi\u00f5es e s\u00e3o engajadas na pol\u00edtica um espa\u00e7o de reflex\u00e3o das atividades \u00e0 luz da f\u00e9, dos valores do bem viver e dos des\u00e1gios dessa realidade marcada ainda pela pobreza e exclus\u00e3o.<\/p>\n\n\n\n<p>Para mais informa\u00e7\u00f5es e inscri\u00e7\u00f5es, acesse o site: <a href=\"https:\/\/www.sympla.com.br\/evento\/12-encontro-nacional-de-fe-e-politica\/2159499\">https:\/\/www.sympla.com.br\/evento\/12-encontro-nacional-de-fe-e-politica\/2159499<\/a><\/p>\n\n\n\n<p>Servi\u00e7o: 12\u00ba Encontro Nacional de F\u00e9 e Pol\u00edtica<\/p>\n\n\n\n<p>Data: de 5 a 7 de abril<\/p>\n\n\n\n<p>Local do evento: Centerminas Expo Av. Pastor Anselmo Silvestre, 1495 &#8211; Uni\u00e3o, Belo Horizonte &#8211; MG, 31170-678 (4\u00ba Andar)<\/p>\n\n\n\n<p>Inscri\u00e7\u00f5es e informa\u00e7\u00f5es:<a href=\"https:\/\/www.sympla.com.br\/evento\/12-encontro-nacional-de-fe-e-politica\/2159499\"> https:\/\/www.sympla.com.br\/evento\/12-encontro-nacional-de-fe-e-politica\/2159499<\/a><\/p>\n","protected":false},"excerpt":{"rendered":"<p>Ap\u00f3s cinco anos, o Encontro Nacional de F\u00e9 e Pol\u00edtica retorna para sua 12\u00aa edi\u00e7\u00e3o. O tradicional evento inter-religioso ser\u00e1 realizado, de 5 a 7 de abril Ap\u00f3s cinco anos, o Encontro Nacional de F\u00e9 e Pol\u00edtica retorna para sua 12\u00aa edi\u00e7\u00e3o. O tradicional evento&nbsp; inter-religioso ser\u00e1 realizado, de 5 a 7 de abril,&nbsp; no [&hellip;]<\/p>\n","protected":false},"author":2,"featured_media":881,"comment_status":"open","ping_status":"open","sticky":false,"template":"","format":"standard","meta":{"footnotes":""},"categories":[1],"tags":[],"class_list":{"0":"post-880","1":"post","2":"type-post","3":"status-publish","4":"format-standard","5":"has-post-thumbnail","7":"category-workshopsepalestras"},"_links":{"self":[{"href":"https:\/\/tveventos.tv.br\/index.php?rest_route=\/wp\/v2\/posts\/880","targetHints":{"allow":["GET"]}}],"collection":[{"href":"https:\/\/tveventos.tv.br\/index.php?rest_route=\/wp\/v2\/posts"}],"about":[{"href":"https:\/\/tveventos.tv.br\/index.php?rest_route=\/wp\/v2\/types\/post"}],"author":[{"embeddable":true,"href":"https:\/\/tveventos.tv.br\/index.php?rest_route=\/wp\/v2\/users\/2"}],"replies":[{"embeddable":true,"href":"https:\/\/tveventos.tv.br\/index.php?rest_route=%2Fwp%2Fv2%2Fcomments&post=880"}],"version-history":[{"count":1,"href":"https:\/\/tveventos.tv.br\/index.php?rest_route=\/wp\/v2\/posts\/880\/revisions"}],"predecessor-version":[{"id":882,"href":"https:\/\/tveventos.tv.br\/index.php?rest_route=\/wp\/v2\/posts\/880\/revisions\/882"}],"wp:featuredmedia":[{"embeddable":true,"href":"https:\/\/tveventos.tv.br\/index.php?rest_route=\/wp\/v2\/media\/881"}],"wp:attachment":[{"href":"https:\/\/tveventos.tv.br\/index.php?rest_route=%2Fwp%2Fv2%2Fmedia&parent=880"}],"wp:term":[{"taxonomy":"category","embeddable":true,"href":"https:\/\/tveventos.tv.br\/index.php?rest_route=%2Fwp%2Fv2%2Fcategories&post=880"},{"taxonomy":"post_tag","embeddable":true,"href":"https:\/\/tveventos.tv.br\/index.php?rest_route=%2Fwp%2Fv2%2Ftags&post=880"}],"curies":[{"name":"wp","href":"https:\/\/api.w.org\/{rel}","templated":true}]}}