{"id":884,"date":"2024-03-06T13:48:05","date_gmt":"2024-03-06T16:48:05","guid":{"rendered":"https:\/\/tveventos.tv.br\/?p=884"},"modified":"2024-03-06T13:48:08","modified_gmt":"2024-03-06T16:48:08","slug":"campos-do-jordao-recebe-13o-congresso-internacional-de-jornalistas-e-profissionais-de-turismo","status":"publish","type":"post","link":"https:\/\/tveventos.tv.br\/?p=884","title":{"rendered":"Campos do Jord\u00e3o recebe 13\u00ba Congresso Internacional de Jornalistas e Profissionais de Turismo"},"content":{"rendered":"\n<p><em>Evento abordar\u00e1 temas como turismo de luxo e sustentabilidade com profissionais de diversos pa\u00edses da Am\u00e9rica Latina<\/em><\/p>\n\n\n\n<p>Campos do Jord\u00e3o, famoso destino onde o luxo e o ecoturismo atraem muitos turistas, recebe o 13\u00ba Congresso Internacional de Jornalistas e Profissionais de Turismo, evento que acontece anualmente e tem como objetivo trazer reflex\u00f5es sobre assuntos importantes para o mercado profissional do turismo. A edi\u00e7\u00e3o de 2024 acontecer\u00e1 no s\u00e1bado, 9 de mar\u00e7o, no Hotel Boutique Quebra-Noz, e contar\u00e1 com a presen\u00e7a de 40 jornalistas da Am\u00e9rica Latina. O congresso \u00e9 conduzido pela <em>Organizaci\u00f3n Mundial de Periodismo Tur\u00edstico<\/em> (OMPT) e o programa Viaje Por A\u00ed, e realizado pela Associa\u00e7\u00e3o Cozinha da Mantiqueira com apoio institucional da Prefeitura de Campos do Jord\u00e3o.<\/p>\n\n\n\n<p>Os jornalistas desembarcam na cidade mais alta do Brasil na sexta-feira, 8, quando participam de um coquetel de boas-vindas. No s\u00e1bado, a programa\u00e7\u00e3o desta 13\u00aa edi\u00e7\u00e3o do congresso contar\u00e1 com seis palestras, em espanhol e portugu\u00eas, sobre turismo de luxo e sustentabilidade, trazendo quest\u00f5es de conserva\u00e7\u00e3o do meio ambiente, preserva\u00e7\u00e3o da cultura local e impacto social. Entre os palestrantes e convidados est\u00e3o representantes da Argentina, Brasil, Col\u00f4mbia, Cuba, Honduras, M\u00e9xico, Panam\u00e1, Peru e Rep\u00fablica Dominicana. H\u00e1 tamb\u00e9m um profissional da Alemanha.<\/p>\n\n\n\n<p>Entre domingo, 10, e ter\u00e7a-feira, 12, eles participaram de uma famtour organizada e realizada pela Associa\u00e7\u00e3o Cozinha da Mantiqueira. Os convidados ter\u00e3o a oportunidade de conhecer Campos do Jord\u00e3o, suas belezas naturais e atrativos de lazer e gastronomia, em uma imers\u00e3o completa pelos principais pontos tur\u00edsticos da regi\u00e3o.<\/p>\n\n\n\n<p>Confira, abaixo, a programa\u00e7\u00e3o:<\/p>\n\n\n\n<p>9 de mar\u00e7o (s\u00e1bado)<\/p>\n\n\n\n<p>9h &#8211; Entrada<\/p>\n\n\n\n<p>9h15 &#8211; Abertura<\/p>\n\n\n\n<p>9h30 &#8211; Palestras:<\/p>\n\n\n\n<ul class=\"wp-block-list\">\n<li>Gastronom\u00eda de Lujo: el voraz apetito del comensal Cinco Estrellas, com Juan de Dios Valent\u00edn Ros\u00e1rio, da Rep\u00fablica Dominicana<\/li>\n\n\n\n<li>Rot\u00e1n: turquesa, coral y magia, com Leonel Espinoza, de Honduras<\/li>\n<\/ul>\n\n\n\n<p>10h30 &#8211; Apresenta\u00e7\u00e3o do livro &#8220;Todo sobre mi viaje&#8221; da Certifica\u00e7\u00e3o Internacional em Jornalismo de Viagens<\/p>\n\n\n\n<p>11h &#8211; Palestras:<\/p>\n\n\n\n<ul class=\"wp-block-list\">\n<li>Detr\u00e1s del Glamour: descubriendo la excelencia en experiencias exclusivas, com os palestrantes Kevin Casanova, Kevin Cadena, Mar\u00eda Fernanda Moreno e Mauricio Andr\u00e9s Manrique, da Col\u00f4mbia<\/li>\n\n\n\n<li>Turismo Sustent\u00e1vel &#8220;Sob nova dire\u00e7\u00e3o&#8221;, com Silvia Schmidt, do Brasil<\/li>\n<\/ul>\n\n\n\n<p>11h30 &#8211; An\u00fancio do 14\u00b0 Congresso Internacional de Jornalistas e Profissionais do Turismo<\/p>\n\n\n\n<p>12h &#8211; Brunch<\/p>\n\n\n\n<p>12h15 &#8211; Palestras:<\/p>\n\n\n\n<ul class=\"wp-block-list\">\n<li>Engenho Triunfo: como o baga\u00e7o de cana mudou o destino de uma comunidade, com Maria J\u00falia Baracho, Brasil<\/li>\n\n\n\n<li>Storytelling vs historias \u00bfC\u00f3mo lograr el verdadero lujo y la verdadera sostenibilidad?, com Miguel Ledhesma, M\u00e9xico-Argentina.<\/li>\n<\/ul>\n\n\n\n<p>12h45 &#8211; Apresenta\u00e7\u00e3o do <em>Premio Internacional Pasaporte Abierto 2024<\/em> que acontecer\u00e1 em Cali, Col\u00f4mbia.<\/p>\n\n\n\n<p>A programa\u00e7\u00e3o est\u00e1 dispon\u00edvel (<a href=\"https:\/\/www.periodismoturistico.org\/post\/programa-de-conferencias-del-xiii-congreso-internacional-de-periodistas-y-profesionales-del-turismo\">link<\/a>) para a imprensa e o p\u00fablico geral.<\/p>\n\n\n\n<p>Campos do Jord\u00e3o, um destino perfeito para congressos<\/p>\n\n\n\n<p>Com edi\u00e7\u00f5es que aterrissaram por toda Am\u00e9rica do Sul, como Rep\u00fablica Dominicana (2023), Brasil (2022), Argentina (2019) e Honduras (2018), o evento de 2024 tem como perspectiva receber mais de 100 pessoas, incluindo jornalistas, secret\u00e1rios de Turismo, influenciadores e profissionais do Turismo. De acordo com Ziomar Santos, um dos organizadores do evento e apresentador do programa Viaje Por A\u00ed, a expectativa \u00e9 que este congresso traga resultados expressivos para&nbsp; aumentar o fluxo de turistas internacionais em Campos do Jord\u00e3o.<\/p>\n\n\n\n<p>\u201cO 13\u00ba Congresso Internacional de Jornalistas e Profissionais de Turismo re\u00fane profissionais de diferentes pa\u00edses da Am\u00e9rica Latina para discutir tend\u00eancias e desafios e, sobretudo, destaca a cidade anfitri\u00e3 como um destino imperd\u00edvel. \u00c9 uma oportunidade muito valiosa para mostrar ao mundo o que nossa cidade tem a oferecer em termos de cultura, hospitalidade, gastronomia, ecoturismo e experi\u00eancias \u00fanicas\u201d, ressalta Sidney Isidro, presidente do Conselho Municipal de Turismo de Campos do Jord\u00e3o (COMTUR).<\/p>\n\n\n\n<p>Sobre o Cons\u00f3rcio Aproveite Campos do Jord\u00e3o<\/p>\n\n\n\n<p>O munic\u00edpio de Campos do Jord\u00e3o, situado no lado paulista da Serra da Mantiqueira, a 1.628 metros de altitude, por meio de um pool de associa\u00e7\u00f5es locais, criou o Cons\u00f3rcio Aproveite Campos do Jord\u00e3o. A cidade \u00e9 considerada a mais alta do Brasil, apropriada para celebrar os melhores momentos, aproveitar o clima com estilo e requinte. O destino de natureza, acolhe com maestria seus moradores e visitantes. Os eventos s\u00e3o catalisadores e tamb\u00e9m uma vitrine da regi\u00e3o, que oferece uma atmosfera de sofistica\u00e7\u00e3o de lazer e prazer nas montanhas.<\/p>\n","protected":false},"excerpt":{"rendered":"<p>Evento abordar\u00e1 temas como turismo de luxo e sustentabilidade com profissionais de diversos pa\u00edses da Am\u00e9rica Latina Campos do Jord\u00e3o, famoso destino onde o luxo e o ecoturismo atraem muitos turistas, recebe o 13\u00ba Congresso Internacional de Jornalistas e Profissionais de Turismo, evento que acontece anualmente e tem como objetivo trazer reflex\u00f5es sobre assuntos importantes [&hellip;]<\/p>\n","protected":false},"author":2,"featured_media":885,"comment_status":"open","ping_status":"open","sticky":false,"template":"","format":"standard","meta":{"footnotes":""},"categories":[1],"tags":[],"class_list":{"0":"post-884","1":"post","2":"type-post","3":"status-publish","4":"format-standard","5":"has-post-thumbnail","7":"category-workshopsepalestras"},"_links":{"self":[{"href":"https:\/\/tveventos.tv.br\/index.php?rest_route=\/wp\/v2\/posts\/884","targetHints":{"allow":["GET"]}}],"collection":[{"href":"https:\/\/tveventos.tv.br\/index.php?rest_route=\/wp\/v2\/posts"}],"about":[{"href":"https:\/\/tveventos.tv.br\/index.php?rest_route=\/wp\/v2\/types\/post"}],"author":[{"embeddable":true,"href":"https:\/\/tveventos.tv.br\/index.php?rest_route=\/wp\/v2\/users\/2"}],"replies":[{"embeddable":true,"href":"https:\/\/tveventos.tv.br\/index.php?rest_route=%2Fwp%2Fv2%2Fcomments&post=884"}],"version-history":[{"count":1,"href":"https:\/\/tveventos.tv.br\/index.php?rest_route=\/wp\/v2\/posts\/884\/revisions"}],"predecessor-version":[{"id":886,"href":"https:\/\/tveventos.tv.br\/index.php?rest_route=\/wp\/v2\/posts\/884\/revisions\/886"}],"wp:featuredmedia":[{"embeddable":true,"href":"https:\/\/tveventos.tv.br\/index.php?rest_route=\/wp\/v2\/media\/885"}],"wp:attachment":[{"href":"https:\/\/tveventos.tv.br\/index.php?rest_route=%2Fwp%2Fv2%2Fmedia&parent=884"}],"wp:term":[{"taxonomy":"category","embeddable":true,"href":"https:\/\/tveventos.tv.br\/index.php?rest_route=%2Fwp%2Fv2%2Fcategories&post=884"},{"taxonomy":"post_tag","embeddable":true,"href":"https:\/\/tveventos.tv.br\/index.php?rest_route=%2Fwp%2Fv2%2Ftags&post=884"}],"curies":[{"name":"wp","href":"https:\/\/api.w.org\/{rel}","templated":true}]}}