{"id":888,"date":"2024-03-06T13:50:28","date_gmt":"2024-03-06T16:50:28","guid":{"rendered":"https:\/\/tveventos.tv.br\/?p=888"},"modified":"2024-03-06T13:50:32","modified_gmt":"2024-03-06T16:50:32","slug":"comunicado-a-imprensa-credenciamento-mt-expo-2024","status":"publish","type":"post","link":"https:\/\/tveventos.tv.br\/?p=888","title":{"rendered":"COMUNICADO \u00c0 IMPRENSA Credenciamento &#8211; M&#038;T Expo 2024"},"content":{"rendered":"\n<p>Est\u00e1 aberto o credenciamento para jornalistas, assessores de imprensa, rep\u00f3rteres fotogr\u00e1ficos e cinematogr\u00e1ficos para cobertura da <strong>M&amp;T Expo \u2013 part of bauma NETWORK, principal feira de m\u00e1quinas e equipamentos para constru\u00e7\u00e3o e minera\u00e7\u00e3o da Am\u00e9rica Latina<\/strong>, marcada de <strong>23 a 26 de abril de 2024, <\/strong>no <strong>S\u00e3o Paulo Expo<\/strong>. Acesse este <a href=\"https:\/\/www.mtexpo.com.br\/credenciamentoimprensa\">link<\/a> e siga as instru\u00e7\u00f5es para o credenciamento.<\/p>\n\n\n\n<p>A M&amp;T Expo 2024 \u00e9 organizada pelo Messe<strong> Muenchen do Brasil<\/strong>, e possui o apoio institucional da Associa\u00e7\u00e3o Brasileira da Tecnologia para Constru\u00e7\u00e3o e Minera\u00e7\u00e3o (<strong>Sobratema<\/strong>). Principal feira de neg\u00f3cios do setor na Am\u00e9rica Latina, contar\u00e1 com mais de 400 marcas nacionais e internacionais, expondo seus lan\u00e7amentos nas \u00e1reas de movimenta\u00e7\u00e3o de terra (linha amarela), de eleva\u00e7\u00e3o de cargas e pessoas e de concreto e asfalto. A ind\u00fastria de pe\u00e7as e componentes e fornecedores de servi\u00e7os mostrar\u00e3o tamb\u00e9m suas novidades.<\/p>\n\n\n\n<p>O evento deve receber mais de 35 mil visitantes, que acompanhar\u00e3o ainda diversas atra\u00e7\u00f5es como a <strong>Arena de Demonstra\u00e7\u00e3o<\/strong>, com m\u00e1quinas dos expositores em opera\u00e7\u00e3o em tempo real, uma s\u00e9rie de atividades de conte\u00fado, cursos gratuitos para treinamento de operadores, o <strong>Pr\u00eamio Mais Sustent\u00e1vel by M&amp;T Expo<\/strong>, que reconhecer\u00e1 pr\u00e1ticas respons\u00e1veis no setor de feiras de neg\u00f3cios e destacar\u00e1 os expositores que adotam solu\u00e7\u00f5es inovadoras, o <strong>M&amp;T Expo Capacita<\/strong>, em parceria com a <strong>3x Mais Treinamentos<\/strong>, a Associa\u00e7\u00e3o Paulista dos Empreiteiros e Locadores de M\u00e1quinas de Terraplenagem, Ar Comprimido, Hidr\u00e1ulico e Equipamentos de Constru\u00e7\u00e3o Civil (<strong>APELMAT<\/strong>) e <strong>Instituto Opus<\/strong>, que oferece descontos em cursos profissionalizantes para expositores e visitantes, o <strong>Curso de Operadores de M\u00e1quinas<\/strong>, tamb\u00e9m em parceria com a <strong>APELMAT,<\/strong> com aulas pr\u00e1ticas e te\u00f3ricas gratuitas durante o evento,&nbsp; e o <strong>Museu de M\u00e1quinas do Brasil<\/strong>, atra\u00e7\u00e3o in\u00e9dita no pa\u00eds.<\/p>\n\n\n\n<p>Em termos de conte\u00fado, a M&amp;T Expo ser\u00e1 palco novamente do <strong>Congresso Nacional de Valoriza\u00e7\u00e3o do Rental<\/strong>, uma iniciativa da Associa\u00e7\u00e3o Brasileira dos Sindicatos e Associa\u00e7\u00f5es Representantes dos Locadores de Equipamentos, M\u00e1quinas e Ferramentas (<strong>ANALOC<\/strong>), do <strong>Semin\u00e1rio de Minera\u00e7\u00e3o de Agregados<\/strong>, em parceria com a Associa\u00e7\u00e3o Nacional das Entidades de Produtores de Agregados para Constru\u00e7\u00e3o (<strong>ANEPAC<\/strong>), C\u00e2mara Setorial de M\u00e1quinas e Equipamentos para Minera\u00e7\u00e3o e Cimento da&nbsp; Associa\u00e7\u00e3o Brasileira da Ind\u00fastria de M\u00e1quinas e Equipamentos (<strong>CSCM-ABIMAQ<\/strong>) e <strong>Revista Brasil Mineral; <\/strong>o <strong>F\u00f3rum \u201cESG na Constru\u00e7\u00e3o e Minera\u00e7\u00e3o \u2013 As melhores pr\u00e1ticas para a sustentabilidade aliada \u00e0 competitividade\u201d,<\/strong> em parceria com os portais de not\u00edcias <strong>Conex\u00e3o Mineral<\/strong> e <strong>Conex\u00e3o Constru\u00e7\u00e3o<\/strong>, apoio institucional da Associa\u00e7\u00e3o Brasileira de Metalurgia, Materiais e Minera\u00e7\u00e3o (<strong>ABM<\/strong>), da <strong>Associa\u00e7\u00e3o Brasileira de ESG<\/strong>, do Instituto Brasileiro de Minera\u00e7\u00e3o (<strong>IBRAM<\/strong>), da Infra Women Brazil (<strong>IWB<\/strong>), do Mining Hub e patroc\u00ednio diamante da METSO e patroc\u00ednio ouro da Dorf Ketal; <strong>ABRASFE TecTalks<\/strong>, da Associa\u00e7\u00e3o Brasileira de F\u00f4rmas, Escoramentos e Acesso e<strong> Simp\u00f3sio VDMA<\/strong>, da Associa\u00e7\u00e3o Alem\u00e3 de Fabricantes de M\u00e1quinas e Instala\u00e7\u00f5es Industriais.<\/p>\n\n\n\n<p>Saiba mais sobre a M&amp;T Expo: <a href=\"https:\/\/www.mtexpo.com.br\/\">https:\/\/www.mtexpo.com.br\/<\/a><\/p>\n\n\n\n<p><strong>Servi\u00e7o<\/strong><strong><br><\/strong><strong>Data:<\/strong> 23 a 26 de abril de 2024<br><strong>Hor\u00e1rio:<\/strong> 13h \u00e0s 20h<br><strong>Local:<\/strong> S\u00e3o Paulo Expo, SP<br><strong>Credenciamento gratuito: <\/strong><a href=\"https:\/\/www.mtexpo.com.br\/credenciamento\">https:\/\/www.mtexpo.com.br\/credenciamento<br><\/a><strong>Expositores confirmados:<\/strong> <a href=\"https:\/\/vitrinedenegocios.mtexpo.com.br\/event\/mt-expo\/exhibitors\">https:\/\/vitrinedenegocios.mtexpo.com.br\/event\/mt-expo\/exhibitors<\/a><\/p>\n\n\n\n<p><strong>Sobre a Messe M\u00fcnchen<\/strong><\/p>\n\n\n\n<p>Como uma das maiores empresas de feiras do mundo, com cerca de 50 feiras de bens de capital, bens de consumo e novas tecnologias, a Messe M\u00fcnchen estabelece novos padr\u00f5es para inova\u00e7\u00e3o, flexibilidade e networking. Juntamente com as principais feiras internacionais, como bauma, electronica, IFAT e BAU, a Messe M\u00fcnchen est\u00e1 constantemente expandindo seu portf\u00f3lio, adicionando, por exemplo, formatos digitais. Em sua sede em Munique, realiza feiras, confer\u00eancias e eventos de alta qualidade. Atua em todos os importantes mercados em crescimento, como a China, \u00cdndia, Brasil e Turquia. Com sua rede de empresas associadas e ag\u00eancias estrangeiras, est\u00e1 presente em mais de 100 pa\u00edses.<\/p>\n\n\n\n<p><strong>Sobre a Messe Muenchen do Brasil<\/strong>&nbsp;<\/p>\n\n\n\n<p>Como parte da estrat\u00e9gia de expans\u00e3o internacional, em 2017 foi fundada a subsidi\u00e1ria Messe Muenchen do Brasil com o prop\u00f3sito de trazer para o mercado nacional os n\u00edveis de excel\u00eancia e inova\u00e7\u00e3o estabelecidos na sede da Alemanha e apoiar o desenvolvimento de feiras de neg\u00f3cios em uma dire\u00e7\u00e3o especializada e internacionalizada.<\/p>\n\n\n\n<p><strong>Sobre a Sobratema<\/strong><\/p>\n\n\n\n<p>A Associa\u00e7\u00e3o Brasileira de Tecnologia para Constru\u00e7\u00e3o e Minera\u00e7\u00e3o (Sobratema) atua h\u00e1 mais de 34 anos na gera\u00e7\u00e3o de neg\u00f3cios e no desenvolvimento dos setores da constru\u00e7\u00e3o, minera\u00e7\u00e3o, rental, agroneg\u00f3cio e sustentabilidade do meio ambiente. Com mais de 600 associados, os programas da entidade contemplam diferente aspectos desses segmentos, incluindo a dissemina\u00e7\u00e3o de conte\u00fado qualificado e in\u00e9dito sobre o mercado, a divulga\u00e7\u00e3o de conhecimento t\u00e9cnico e tecnol\u00f3gico, a intera\u00e7\u00e3o entre os profissionais do setor, o oferecimento de ferramentas estrat\u00e9gicas usadas nesses segmentos, o interc\u00e2mbio com tecnologias inovadoras internacionais e a capacita\u00e7\u00e3o e certifica\u00e7\u00e3o profissional.<\/p>\n","protected":false},"excerpt":{"rendered":"<p>Est\u00e1 aberto o credenciamento para jornalistas, assessores de imprensa, rep\u00f3rteres fotogr\u00e1ficos e cinematogr\u00e1ficos para cobertura da M&amp;T Expo \u2013 part of bauma NETWORK, principal feira de m\u00e1quinas e equipamentos para constru\u00e7\u00e3o e minera\u00e7\u00e3o da Am\u00e9rica Latina, marcada de 23 a 26 de abril de 2024, no S\u00e3o Paulo Expo. Acesse este link e siga as [&hellip;]<\/p>\n","protected":false},"author":2,"featured_media":889,"comment_status":"open","ping_status":"open","sticky":false,"template":"","format":"standard","meta":{"footnotes":""},"categories":[1],"tags":[],"class_list":{"0":"post-888","1":"post","2":"type-post","3":"status-publish","4":"format-standard","5":"has-post-thumbnail","7":"category-workshopsepalestras"},"_links":{"self":[{"href":"https:\/\/tveventos.tv.br\/index.php?rest_route=\/wp\/v2\/posts\/888","targetHints":{"allow":["GET"]}}],"collection":[{"href":"https:\/\/tveventos.tv.br\/index.php?rest_route=\/wp\/v2\/posts"}],"about":[{"href":"https:\/\/tveventos.tv.br\/index.php?rest_route=\/wp\/v2\/types\/post"}],"author":[{"embeddable":true,"href":"https:\/\/tveventos.tv.br\/index.php?rest_route=\/wp\/v2\/users\/2"}],"replies":[{"embeddable":true,"href":"https:\/\/tveventos.tv.br\/index.php?rest_route=%2Fwp%2Fv2%2Fcomments&post=888"}],"version-history":[{"count":1,"href":"https:\/\/tveventos.tv.br\/index.php?rest_route=\/wp\/v2\/posts\/888\/revisions"}],"predecessor-version":[{"id":890,"href":"https:\/\/tveventos.tv.br\/index.php?rest_route=\/wp\/v2\/posts\/888\/revisions\/890"}],"wp:featuredmedia":[{"embeddable":true,"href":"https:\/\/tveventos.tv.br\/index.php?rest_route=\/wp\/v2\/media\/889"}],"wp:attachment":[{"href":"https:\/\/tveventos.tv.br\/index.php?rest_route=%2Fwp%2Fv2%2Fmedia&parent=888"}],"wp:term":[{"taxonomy":"category","embeddable":true,"href":"https:\/\/tveventos.tv.br\/index.php?rest_route=%2Fwp%2Fv2%2Fcategories&post=888"},{"taxonomy":"post_tag","embeddable":true,"href":"https:\/\/tveventos.tv.br\/index.php?rest_route=%2Fwp%2Fv2%2Ftags&post=888"}],"curies":[{"name":"wp","href":"https:\/\/api.w.org\/{rel}","templated":true}]}}