{"id":891,"date":"2024-03-07T12:02:24","date_gmt":"2024-03-07T15:02:24","guid":{"rendered":"https:\/\/tveventos.tv.br\/?p=891"},"modified":"2024-03-07T12:02:28","modified_gmt":"2024-03-07T15:02:28","slug":"maior-rede-de-esmalterias-do-mundo-realiza-sexto-congresso-nacional","status":"publish","type":"post","link":"https:\/\/tveventos.tv.br\/?p=891","title":{"rendered":"Maior rede de esmalterias do mundo realiza sexto congresso nacional"},"content":{"rendered":"\n<p><em>O evento da Unhas Cariocas ocorrer\u00e1 em Taubat\u00e9, cidade sede da marca, e contar\u00e1 com palestras, workshops e grava\u00e7\u00e3o de podcast ao vivo<\/em><\/p>\n\n\n\n<p>Nos dias 15 e 16 de mar\u00e7o, a cidade de Taubat\u00e9 recebe a sexta edi\u00e7\u00e3o do congresso Unhas Cariocas. O evento, promovido pela maior rede de esmalterias do mundo, segundo a Associa\u00e7\u00e3o Brasileira de Franchising (ABF), ocorrer\u00e1 das 08 \u00e0s 20h, no Hotel Ibis, localizado na Avenida Virgilio Cardoso Pinna, 8043, com programa\u00e7\u00f5es direcionadas aos franqueados e gerentes da rede.&nbsp;<\/p>\n\n\n\n<p>Durante os dois dias, a marca abordar\u00e1 v\u00e1rios temas fundamentais para que os Diretores-Franqueados possam sair ainda mais capacitados e prontos para os desafios do ano. Ser\u00e3o abordados assuntos como tend\u00eancia de mercado, capacita\u00e7\u00e3o e proje\u00e7\u00f5es do setor em palestras e workshops mediados por especialistas do nicho.&nbsp;<\/p>\n\n\n\n<p>Entre as presen\u00e7as de impacto, estar\u00e1 o palestrante Denis Santini, autor dos livros &#8220;Marketing para Franquias&#8221; e &#8220;Os 7 Franqueh\u00e1bitos&#8221; e CEO da CommUnit, maior comunidade de franqueados do Brasil. A mentora em comunica\u00e7\u00e3o Brisa Albuquerque tamb\u00e9m estar\u00e1 presente, compartilhando dicas adquirdas a partir de sua expertise atuando na TV Globo, R\u00e1dio Bandeirantes e CNN.<\/p>\n\n\n\n<p>O palestrante internacional Rafael Takei far\u00e1 participa\u00e7\u00e3o no evento, expondo seu conhecimento a partir de sua trajet\u00f3ria como especialista em gest\u00e3o com prop\u00f3sito, administrador de empresas e apresentador dos programas de TV \u201cHer\u00f3is de Prop\u00f3sito\u201d e \u201cSOS GEST\u00c3O \u2013 Desafios e Solu\u00e7\u00f5es\u201d. Para compor o time, o empreendedor F\u00e1bio Fiorini tamb\u00e9m ir\u00e1 palestrar, abordando seu caminho profissional desde 1998 at\u00e9 alcan\u00e7ar o atual patamar como CEO do Grupo Noby Educa\u00e7\u00e3o, a maior plataforma da Am\u00e9rica Latina de forma\u00e7\u00e3o de vendedores. O profissional j\u00e1 auxiliou na constru\u00e7\u00e3o de mais de 80 marcas pelo Brasil, colecionando grandes cases como Spoleto, Mundo Verde e Sorvetes Nestl\u00e9.<\/p>\n\n\n\n<p>Maur\u00edcio C\u00e9sar, CEO do Grupo Unhas Cariocas, tamb\u00e9m palestrar\u00e1 no evento, abordando o tema do Congresso: \u201cO Pr\u00f3ximo Passo\u201d, trazendo sua experi\u00eancia para capacitar a rede para acompanhar a velocidade da evolu\u00e7\u00e3o atual do mercado de beleza.<\/p>\n\n\n\n<p>\u201cAs expectativas para a edi\u00e7\u00e3o deste ano s\u00e3o \u00f3timas. Esperamos um n\u00famero consider\u00e1vel de Diretores Franqueados e in\u00fameros momentos de networking\u201d, conta Mauricio Cesar, CEO do Grupo Unhas Cariocas!<\/p>\n\n\n\n<p>Com mais de 150 participantes, o congresso contar\u00e1 com empres\u00e1rios, gerentes e profissionais dedicados ao mercado do franchising de beleza. Atrav\u00e9s de alto n\u00edvel de networking, abrang\u00eancia nacional e conte\u00fado estrat\u00e9gico, o objetivo do congresso \u00e9 expandir mais ainda a atua\u00e7\u00e3o do setor, segundo o CEO.<\/p>\n\n\n\n<p>Os n\u00fameros da marca comprovam a ascens\u00e3o do mercado. Apenas em 2023, o empreendimento faturou mais de R$42,4 milh\u00f5es, com diversas unidades somando mais de R$ milh\u00e3o de receita. A proje\u00e7\u00e3o do evento \u00e9 ampliar essa tend\u00eancia, estimulando a iniciar 2024 com destaque consider\u00e1vel pata o nicho.<\/p>\n\n\n\n<p><strong>Sobre a Unhas Cariocas:<\/strong><\/p>\n\n\n\n<p>A marca \u00e9 considerada pela ABF (Associa\u00e7\u00e3o Brasileira de Franchising) como a maior franquia de esmalteria do mundo, recebendo por dois anos consecutivos o selo de excel\u00eancia da entidade. Com t\u00e9cnica exclusiva para remo\u00e7\u00e3o da cut\u00edcula, que dispensa o alicate sem comprometer o resultado, as unhas s\u00e3o feitas, em m\u00e9dia, em 30 minutos. Investimento inicial total: R$160 mil (j\u00e1 com taxa de franquia), faturamento m\u00e9dio mensal a partir de R$80 mil e prazo de retorno 12 a 18 meses.Saiba mais em: <a href=\"https:\/\/unhascariocas.com.br\/\">&nbsp;https:\/\/unhascariocas.com.br\/<\/a><\/p>\n","protected":false},"excerpt":{"rendered":"<p>O evento da Unhas Cariocas ocorrer\u00e1 em Taubat\u00e9, cidade sede da marca, e contar\u00e1 com palestras, workshops e grava\u00e7\u00e3o de podcast ao vivo Nos dias 15 e 16 de mar\u00e7o, a cidade de Taubat\u00e9 recebe a sexta edi\u00e7\u00e3o do congresso Unhas Cariocas. O evento, promovido pela maior rede de esmalterias do mundo, segundo a Associa\u00e7\u00e3o [&hellip;]<\/p>\n","protected":false},"author":2,"featured_media":893,"comment_status":"open","ping_status":"open","sticky":false,"template":"","format":"standard","meta":{"footnotes":""},"categories":[23,1],"tags":[],"class_list":{"0":"post-891","1":"post","2":"type-post","3":"status-publish","4":"format-standard","5":"has-post-thumbnail","7":"category-feirasdenegocios","8":"category-workshopsepalestras"},"_links":{"self":[{"href":"https:\/\/tveventos.tv.br\/index.php?rest_route=\/wp\/v2\/posts\/891","targetHints":{"allow":["GET"]}}],"collection":[{"href":"https:\/\/tveventos.tv.br\/index.php?rest_route=\/wp\/v2\/posts"}],"about":[{"href":"https:\/\/tveventos.tv.br\/index.php?rest_route=\/wp\/v2\/types\/post"}],"author":[{"embeddable":true,"href":"https:\/\/tveventos.tv.br\/index.php?rest_route=\/wp\/v2\/users\/2"}],"replies":[{"embeddable":true,"href":"https:\/\/tveventos.tv.br\/index.php?rest_route=%2Fwp%2Fv2%2Fcomments&post=891"}],"version-history":[{"count":1,"href":"https:\/\/tveventos.tv.br\/index.php?rest_route=\/wp\/v2\/posts\/891\/revisions"}],"predecessor-version":[{"id":892,"href":"https:\/\/tveventos.tv.br\/index.php?rest_route=\/wp\/v2\/posts\/891\/revisions\/892"}],"wp:featuredmedia":[{"embeddable":true,"href":"https:\/\/tveventos.tv.br\/index.php?rest_route=\/wp\/v2\/media\/893"}],"wp:attachment":[{"href":"https:\/\/tveventos.tv.br\/index.php?rest_route=%2Fwp%2Fv2%2Fmedia&parent=891"}],"wp:term":[{"taxonomy":"category","embeddable":true,"href":"https:\/\/tveventos.tv.br\/index.php?rest_route=%2Fwp%2Fv2%2Fcategories&post=891"},{"taxonomy":"post_tag","embeddable":true,"href":"https:\/\/tveventos.tv.br\/index.php?rest_route=%2Fwp%2Fv2%2Ftags&post=891"}],"curies":[{"name":"wp","href":"https:\/\/api.w.org\/{rel}","templated":true}]}}