{"id":894,"date":"2024-03-07T12:05:53","date_gmt":"2024-03-07T15:05:53","guid":{"rendered":"https:\/\/tveventos.tv.br\/?p=894"},"modified":"2024-03-07T12:05:56","modified_gmt":"2024-03-07T15:05:56","slug":"mulher-da-energia-entre-ausencias-e-apagamento","status":"publish","type":"post","link":"https:\/\/tveventos.tv.br\/?p=894","title":{"rendered":"Mulher da Energia: entre aus\u00eancias e apagamento"},"content":{"rendered":"\n<p>A palestra \u201cMulher da Energia: entre aus\u00eancias e apagamentos\u201d ter\u00e1 emiss\u00e3o de certificado e as inscri\u00e7\u00f5es gratuitas<\/p>\n\n\n\n<p>No dia 9 de mar\u00e7o, o&nbsp;<strong>Museu da Energia de S\u00e3o Paulo&nbsp;<\/strong>realiza a palestra \u201cMulher da Energia: entre aus\u00eancias e apagamentos\u201d. O intuito da apresenta\u00e7\u00e3o \u00e9 comemorar o Dia da Mulher (08) e versar sobre os objetivos da m\u00e3o de obra feminina no setor el\u00e9trico.<br>&nbsp;<\/p>\n\n\n\n<p>A palestra ter\u00e1 emiss\u00e3o de certificado e as inscri\u00e7\u00f5es gratuitas est\u00e3o abertas&nbsp;<a href=\"https:\/\/s2403.imxsnd24.com\/link.php?code=bDpodHRwcyUzQSUyRiUyRmRvY3MuZ29vZ2xlLmNvbSUyRmZvcm1zJTJGZCUyRmUlMkYxRkFJcFFMU2NxNGRZZXBZVjVwUUFtbWM1bWxsV0ItN1RKSDFaOHpKVTFLX3IteHBJeGdNVHJfQSUyRnZpZXdmb3JtOjMzMTc5NzY1MDI6cmVkYWNhb3R2ZXZlbnRvc0BnbWFpbC5jb206M2NkZjExOjcx\" target=\"_blank\" rel=\"noreferrer noopener\"><u>neste link, clique aqui<\/u><\/a>. Na ocasi\u00e3o, Ana Luiza Vaz, arquivista; Aline Lemes, historiador; e Giovanna Camargo, historiadora; apresentam os fundos documentais utilizados no projeto \u201cMulher da Energia\u201d, explicando como as fontes foram levantadas, e como o todo possibilitou entender que a escassez do trabalho feminino no ramo da Energia demandava por entendimento do contexto hist\u00f3rico das mulheres no Brasil e no mundo. Por fim, as profissionais ir\u00e3o expor os resultados da pesquisa realizada e discutir brevemente tanto a aus\u00eancia quanto o apagamento das mulheres no contexto apresentado.<\/p>\n\n\n\n<p><strong>Servi\u00e7o<\/strong><\/p>\n\n\n\n<p>Museu da Energia de S\u00e3o Paulo \u2013 Programa\u00e7\u00e3o de Mar\u00e7o<\/p>\n\n\n\n<p>Local: Museu de Energia de S\u00e3o Paulo \u2013 Alameda Cleveland, 601 (Campos El\u00edseos)<\/p>\n\n\n\n<p>09\/03 das 10h \u00e0s 12h &#8211;<strong>&nbsp;Palestra Mulheres da Energia: entre aus\u00eancias e apagamentos<\/strong><\/p>\n\n\n\n<p>Classifica\u00e7\u00e3o da programa\u00e7\u00e3o: Livre<\/p>\n\n\n\n<p>Inscri\u00e7\u00f5es: gratuitas no WhatsApp (11) 99169-8531, telefone: (11) 3224-1489 ou e-mail&nbsp;<a href=\"https:\/\/s2403.imxsnd24.com\/link.php?code=bDpodHRwcyUzQSUyRiUyRnNhb3BhdWxvJTQwbXVzZXVkYWVuZXJnaWEub3JnLmJyOjMzMTc5NzY1MDI6cmVkYWNhb3R2ZXZlbnRvc0BnbWFpbC5jb206NDlkODE2Ojcx\" target=\"_blank\" rel=\"noreferrer noopener\">saopaulo\uff20museudaenergia\u0702org\u0702br<\/a>.<\/p>\n\n\n\n<p><strong>Sobre a Funda\u00e7\u00e3o Energia e Saneamento<\/strong><\/p>\n\n\n\n<p>Desde 1998, a Funda\u00e7\u00e3o Energia e Saneamento pesquisa, preserva e divulga o patrim\u00f4nio hist\u00f3rico e cultural dos setores de energia e de saneamento ambiental. Atuando em v\u00e1rias regi\u00f5es do Estado de S\u00e3o Paulo por meio das unidades do Museu da Energia (S\u00e3o Paulo, Itu e Sales\u00f3polis), realiza a\u00e7\u00f5es culturais e educativas que refor\u00e7am conceitos de cidadania e incentivam o uso respons\u00e1vel de recursos naturais, trabalhando nos eixos de hist\u00f3ria, ci\u00eancia, tecnologia e meio ambiente.<\/p>\n\n\n\n<p><strong>Site<\/strong>:&nbsp;<a href=\"https:\/\/s2403.imxsnd24.com\/link.php?code=bDpodHRwcyUzQSUyRiUyRnd3dy5tdXNldWRhZW5lcmdpYS5vcmcuYnIlMkY6MzMxNzk3NjUwMjpyZWRhY2FvdHZldmVudG9zQGdtYWlsLmNvbTo4NmY0MGE6NzE=\" target=\"_blank\" rel=\"noreferrer noopener\">Link<\/a><\/p>\n\n\n\n<p><strong>Instagram<\/strong>:&nbsp;<a href=\"https:\/\/s2403.imxsnd24.com\/link.php?code=bDpodHRwcyUzQSUyRiUyRnd3dy5pbnN0YWdyYW0uY29tJTJGbXVzZXVkYWVuZXJnaWElMkY6MzMxNzk3NjUwMjpyZWRhY2FvdHZldmVudG9zQGdtYWlsLmNvbTpmMGUyOTg6NzE=\" target=\"_blank\" rel=\"noreferrer noopener\"><u>museudaenergia<\/u><\/a><\/p>\n\n\n\n<p><strong>Facebook<\/strong>:&nbsp;<a href=\"https:\/\/s2403.imxsnd24.com\/link.php?code=bDpodHRwcyUzQSUyRiUyRnd3dy5mYWNlYm9vay5jb20lMkZtdXNldWRhZW5lcmdpYTozMzE3OTc2NTAyOnJlZGFjYW90dmV2ZW50b3NAZ21haWwuY29tOmU3NmE4Yzo3MQ==\" target=\"_blank\" rel=\"noreferrer noopener\"><u>Museu da Energia<\/u><\/a><\/p>\n\n\n\n<p><strong>YouTube<\/strong>:&nbsp;<a href=\"https:\/\/www.youtube.com\/c\/MuseudaEnergia\" target=\"_blank\" rel=\"noreferrer noopener\"><u>Museu da Energia<\/u><\/a><\/p>\n","protected":false},"excerpt":{"rendered":"<p>A palestra \u201cMulher da Energia: entre aus\u00eancias e apagamentos\u201d ter\u00e1 emiss\u00e3o de certificado e as inscri\u00e7\u00f5es gratuitas No dia 9 de mar\u00e7o, o&nbsp;Museu da Energia de S\u00e3o Paulo&nbsp;realiza a palestra \u201cMulher da Energia: entre aus\u00eancias e apagamentos\u201d. O intuito da apresenta\u00e7\u00e3o \u00e9 comemorar o Dia da Mulher (08) e versar sobre os objetivos da m\u00e3o [&hellip;]<\/p>\n","protected":false},"author":2,"featured_media":895,"comment_status":"open","ping_status":"open","sticky":false,"template":"","format":"standard","meta":{"footnotes":""},"categories":[1],"tags":[],"class_list":{"0":"post-894","1":"post","2":"type-post","3":"status-publish","4":"format-standard","5":"has-post-thumbnail","7":"category-workshopsepalestras"},"_links":{"self":[{"href":"https:\/\/tveventos.tv.br\/index.php?rest_route=\/wp\/v2\/posts\/894","targetHints":{"allow":["GET"]}}],"collection":[{"href":"https:\/\/tveventos.tv.br\/index.php?rest_route=\/wp\/v2\/posts"}],"about":[{"href":"https:\/\/tveventos.tv.br\/index.php?rest_route=\/wp\/v2\/types\/post"}],"author":[{"embeddable":true,"href":"https:\/\/tveventos.tv.br\/index.php?rest_route=\/wp\/v2\/users\/2"}],"replies":[{"embeddable":true,"href":"https:\/\/tveventos.tv.br\/index.php?rest_route=%2Fwp%2Fv2%2Fcomments&post=894"}],"version-history":[{"count":1,"href":"https:\/\/tveventos.tv.br\/index.php?rest_route=\/wp\/v2\/posts\/894\/revisions"}],"predecessor-version":[{"id":896,"href":"https:\/\/tveventos.tv.br\/index.php?rest_route=\/wp\/v2\/posts\/894\/revisions\/896"}],"wp:featuredmedia":[{"embeddable":true,"href":"https:\/\/tveventos.tv.br\/index.php?rest_route=\/wp\/v2\/media\/895"}],"wp:attachment":[{"href":"https:\/\/tveventos.tv.br\/index.php?rest_route=%2Fwp%2Fv2%2Fmedia&parent=894"}],"wp:term":[{"taxonomy":"category","embeddable":true,"href":"https:\/\/tveventos.tv.br\/index.php?rest_route=%2Fwp%2Fv2%2Fcategories&post=894"},{"taxonomy":"post_tag","embeddable":true,"href":"https:\/\/tveventos.tv.br\/index.php?rest_route=%2Fwp%2Fv2%2Ftags&post=894"}],"curies":[{"name":"wp","href":"https:\/\/api.w.org\/{rel}","templated":true}]}}