{"id":898,"date":"2024-03-07T12:13:23","date_gmt":"2024-03-07T15:13:23","guid":{"rendered":"https:\/\/tveventos.tv.br\/?p=898"},"modified":"2024-03-07T12:13:26","modified_gmt":"2024-03-07T15:13:26","slug":"marcos-freitas-e-um-dos-principais-palestrantes-no-up-summit","status":"publish","type":"post","link":"https:\/\/tveventos.tv.br\/?p=898","title":{"rendered":"Marcos Freitas \u00e9 um dos principais palestrantes no Up Summit\u00a0"},"content":{"rendered":"\n<p class=\"has-text-align-center\"><em>Evento re\u00fane os empres\u00e1rios mais bem-sucedidos do pa\u00eds, em Goi\u00e2nia (GO); palestras abordam tend\u00eancias de mercado e impactos para 2024&nbsp;&nbsp;<\/em><\/p>\n\n\n\n<p>Goi\u00e2nia (GO) recebe nos pr\u00f3ximos dias 15, 16 e 17 de mar\u00e7o um dos maiores eventos de empreendedorismo, networking e inova\u00e7\u00e3o do Brasil. A terceira edi\u00e7\u00e3o do Up Summit ser\u00e1 realizada no Centro de Conven\u00e7\u00f5es da Pontif\u00edcia Universidade Cat\u00f3lica de Goi\u00e1s (PUC-GO) e deve reunir cerca de 3 mil empreendedores. Marcos Freitas, respons\u00e1vel por acelerar o crescimento de mais de 20 mil neg\u00f3cios no pa\u00eds, est\u00e1 entre os principais palestrantes.&nbsp;<\/p>\n\n\n\n<p>O evento \u00e9 voltado a l\u00edderes e pessoas interessadas em impulsionar a carreira profissional. As palestras v\u00e3o abordar estrat\u00e9gias de vendas, gest\u00e3o, marketing e crescimento dos maiores empres\u00e1rios do pa\u00eds, al\u00e9m de tend\u00eancias de mercado para 2024.&nbsp;<\/p>\n\n\n\n<p>Marcos Freitas vai explorar a tem\u00e1tica \u2018<em>Como ter uma Empresa de Alta Performance\u2019<\/em>. Criador do treinamento APN (Alta Performance nos Neg\u00f3cios) e autor de dois <em>best-sellers<\/em>, o <em>Coragem para Crescer<\/em> e <em>Seja Imperfeito<\/em>, o especialista promete oferecer um conte\u00fado estrat\u00e9gico, al\u00e9m de ferramentas pr\u00e1ticas e de f\u00e1cil aplicabilidade a qualquer neg\u00f3cio. A palestra tamb\u00e9m \u00e9 voltada para empreendedores focados em alavancar as vendas, melhorar o atendimento ao p\u00fablico e trabalhar com diferentes linhas de produtos.&nbsp;&nbsp;<\/p>\n\n\n\n<p>\u201cCompartilhar experi\u00eancias e conhecimentos \u00e9 extremamente importante para o crescimento pessoal e profissional. Espero que todo o aprendizado seja aplicado dentro das organiza\u00e7\u00f5es e que os participantes acelerem os seus pr\u00f3prios neg\u00f3cios\u201d, destaca Marcos Freitas.&nbsp;&nbsp;<\/p>\n\n\n\n<p>O empres\u00e1rio j\u00e1 formou mais de 12 mil gestores e mais de 90 mil pessoas participaram de seus cursos para o desenvolvimento de neg\u00f3cios. Nas redes sociais, integra uma audi\u00eancia massiva \u2013 conta com mais de 800 mil seguidores em seus canais at\u00e9 o momento.&nbsp;<\/p>\n\n\n\n<p><strong>Servi\u00e7o<\/strong>&nbsp;<\/p>\n\n\n\n<p><strong>Up Summit<\/strong>&nbsp;<\/p>\n\n\n\n<p><strong>Data:<\/strong> 15, 16 e 17 de mar\u00e7o.&nbsp;<\/p>\n\n\n\n<p><strong>Local:<\/strong> Centro de Conven\u00e7\u00f5es da Pontif\u00edcia Universidade Cat\u00f3lica de Goi\u00e1s (PUC-GO).&nbsp;&nbsp;<\/p>\n\n\n\n<p><strong>Inscri\u00e7\u00f5es:<\/strong> <a href=\"https:\/\/upsummit.com.br\/pv-up-d\/\">https:\/\/upsummit.com.br\/pv-up-d\/<\/a>.&nbsp;<\/p>\n","protected":false},"excerpt":{"rendered":"<p>Evento re\u00fane os empres\u00e1rios mais bem-sucedidos do pa\u00eds, em Goi\u00e2nia (GO); palestras abordam tend\u00eancias de mercado e impactos para 2024&nbsp;&nbsp; Goi\u00e2nia (GO) recebe nos pr\u00f3ximos dias 15, 16 e 17 de mar\u00e7o um dos maiores eventos de empreendedorismo, networking e inova\u00e7\u00e3o do Brasil. A terceira edi\u00e7\u00e3o do Up Summit ser\u00e1 realizada no Centro de Conven\u00e7\u00f5es [&hellip;]<\/p>\n","protected":false},"author":2,"featured_media":899,"comment_status":"open","ping_status":"open","sticky":false,"template":"","format":"standard","meta":{"footnotes":""},"categories":[1],"tags":[],"class_list":{"0":"post-898","1":"post","2":"type-post","3":"status-publish","4":"format-standard","5":"has-post-thumbnail","7":"category-workshopsepalestras"},"_links":{"self":[{"href":"https:\/\/tveventos.tv.br\/index.php?rest_route=\/wp\/v2\/posts\/898","targetHints":{"allow":["GET"]}}],"collection":[{"href":"https:\/\/tveventos.tv.br\/index.php?rest_route=\/wp\/v2\/posts"}],"about":[{"href":"https:\/\/tveventos.tv.br\/index.php?rest_route=\/wp\/v2\/types\/post"}],"author":[{"embeddable":true,"href":"https:\/\/tveventos.tv.br\/index.php?rest_route=\/wp\/v2\/users\/2"}],"replies":[{"embeddable":true,"href":"https:\/\/tveventos.tv.br\/index.php?rest_route=%2Fwp%2Fv2%2Fcomments&post=898"}],"version-history":[{"count":1,"href":"https:\/\/tveventos.tv.br\/index.php?rest_route=\/wp\/v2\/posts\/898\/revisions"}],"predecessor-version":[{"id":900,"href":"https:\/\/tveventos.tv.br\/index.php?rest_route=\/wp\/v2\/posts\/898\/revisions\/900"}],"wp:featuredmedia":[{"embeddable":true,"href":"https:\/\/tveventos.tv.br\/index.php?rest_route=\/wp\/v2\/media\/899"}],"wp:attachment":[{"href":"https:\/\/tveventos.tv.br\/index.php?rest_route=%2Fwp%2Fv2%2Fmedia&parent=898"}],"wp:term":[{"taxonomy":"category","embeddable":true,"href":"https:\/\/tveventos.tv.br\/index.php?rest_route=%2Fwp%2Fv2%2Fcategories&post=898"},{"taxonomy":"post_tag","embeddable":true,"href":"https:\/\/tveventos.tv.br\/index.php?rest_route=%2Fwp%2Fv2%2Ftags&post=898"}],"curies":[{"name":"wp","href":"https:\/\/api.w.org\/{rel}","templated":true}]}}