{"id":904,"date":"2024-03-07T15:56:18","date_gmt":"2024-03-07T18:56:18","guid":{"rendered":"https:\/\/tveventos.tv.br\/?p=904"},"modified":"2024-03-07T16:15:02","modified_gmt":"2024-03-07T19:15:02","slug":"abrin-2024-brinquedos-inclusivos-sao-tema-de-destaque-da-40a-edicao-da-feira-abrin","status":"publish","type":"post","link":"https:\/\/tveventos.tv.br\/?p=904","title":{"rendered":"ABRIN 2024: Brinquedos inclusivos s\u00e3o tema de destaque da 40\u00aa edi\u00e7\u00e3o da feira ABRIN"},"content":{"rendered":"\n<p class=\"has-text-align-center\"><em>Expositores e palestrantes do ABRIN Talks enfatizam a import\u00e2ncia dos brinquedos para diversidade, inclus\u00e3o e pessoas com condi\u00e7\u00f5es especiais<\/em><\/p>\n\n\n\n<p>A&nbsp;<strong>ABRIN 2024<\/strong>&nbsp;deu voz \u00e0 import\u00e2ncia da inclus\u00e3o no universo dos brinquedos, refor\u00e7ando que o brincar \u00e9 um direito de todas as crian\u00e7as. Na palestra do Abrin Talks do segundo dia,&nbsp;<em>Categorias especiais do varejo: Brinquedos para diversidade, inclus\u00e3o e pessoas com condi\u00e7\u00f5es especiais<\/em>, especialistas debateram como a ind\u00fastria pode garantir que todos os pequenos se sintam representados e acolhidos.<\/p>\n\n\n\n<p>O talk evidenciou que a inclus\u00e3o no mundo dos brinquedos \u00e9 um compromisso de toda a sociedade. Ao garantir que todas as crian\u00e7as tenham acesso a experi\u00eancias l\u00fadicas que as representem e acolham, constru\u00edmos um futuro mais justo e diverso.<\/p>\n\n\n\n<p>Bruno Zanoni, diretor de programa\u00e7\u00e3o e aquisi\u00e7\u00f5es da Stenna Group, detentora do canal Zoomo Kids, destacou que a inclus\u00e3o n\u00e3o se trata apenas de adaptar conte\u00fados, mas sim de criar experi\u00eancias pensadas para atender \u00e0s necessidades espec\u00edficas de cada crian\u00e7a.\u00a0<em>\u201cO canal, presente em todas as TVs de assinatura, oferece desenhos inclusivos com recursos como libras e audiodescri\u00e7\u00e3o, democratizando o acesso \u00e0 divers\u00e3o\u201d<\/em>, conta.<\/p>\n\n\n\n<figure class=\"wp-block-image size-large is-resized\"><img loading=\"lazy\" decoding=\"async\" width=\"1024\" height=\"683\" src=\"https:\/\/tveventos.tv.br\/wp-content\/uploads\/2024\/03\/image-17-1024x683.png\" alt=\"\" class=\"wp-image-905\" style=\"width:1031px;height:auto\" srcset=\"https:\/\/tveventos.tv.br\/wp-content\/uploads\/2024\/03\/image-17-1024x683.png 1024w, https:\/\/tveventos.tv.br\/wp-content\/uploads\/2024\/03\/image-17-300x200.png 300w, https:\/\/tveventos.tv.br\/wp-content\/uploads\/2024\/03\/image-17-768x512.png 768w, https:\/\/tveventos.tv.br\/wp-content\/uploads\/2024\/03\/image-17-150x100.png 150w, https:\/\/tveventos.tv.br\/wp-content\/uploads\/2024\/03\/image-17-696x464.png 696w, https:\/\/tveventos.tv.br\/wp-content\/uploads\/2024\/03\/image-17-1068x712.png 1068w, https:\/\/tveventos.tv.br\/wp-content\/uploads\/2024\/03\/image-17.png 1090w\" sizes=\"auto, (max-width: 1024px) 100vw, 1024px\" \/><\/figure>\n\n\n\n<p>Figura II &#8211; Bruno Zanoni, diretor de programa\u00e7\u00e3o e aquisi\u00e7\u00f5es da Stenna Group, detentora do canal Zoomo Kids (Foto: Recs Filmes)<\/p>\n\n\n\n<p>Bruno Zanoni, diretor de programa\u00e7\u00e3o e aquisi\u00e7\u00f5es da Stenna Group, detentora do canal Zoomo Kids, destacou que a inclus\u00e3o n\u00e3o se trata apenas de adaptar conte\u00fados, mas sim de criar experi\u00eancias pensadas para atender \u00e0s necessidades espec\u00edficas de cada crian\u00e7a.\u00a0<em>\u201cO canal, presente em todas as TVs de assinatura, oferece desenhos inclusivos com recursos como libras e audiodescri\u00e7\u00e3o, democratizando o acesso \u00e0 divers\u00e3o\u201d<\/em>, conta.<\/p>\n\n\n<div class=\"wp-block-image\">\n<figure class=\"aligncenter size-large is-resized\"><img loading=\"lazy\" decoding=\"async\" width=\"683\" height=\"1024\" src=\"https:\/\/tveventos.tv.br\/wp-content\/uploads\/2024\/03\/image-18-683x1024.png\" alt=\"\" class=\"wp-image-906\" style=\"width:683px;height:auto\" srcset=\"https:\/\/tveventos.tv.br\/wp-content\/uploads\/2024\/03\/image-18-683x1024.png 683w, https:\/\/tveventos.tv.br\/wp-content\/uploads\/2024\/03\/image-18-200x300.png 200w, https:\/\/tveventos.tv.br\/wp-content\/uploads\/2024\/03\/image-18-768x1152.png 768w, https:\/\/tveventos.tv.br\/wp-content\/uploads\/2024\/03\/image-18-150x225.png 150w, https:\/\/tveventos.tv.br\/wp-content\/uploads\/2024\/03\/image-18-300x450.png 300w, https:\/\/tveventos.tv.br\/wp-content\/uploads\/2024\/03\/image-18-696x1044.png 696w, https:\/\/tveventos.tv.br\/wp-content\/uploads\/2024\/03\/image-18.png 946w\" sizes=\"auto, (max-width: 683px) 100vw, 683px\" \/><\/figure>\n<\/div>\n\n\n<p class=\"has-text-align-center\">Figura III &#8211; Rennan Gon\u00e7alves, CEO da Maloca Games (Foto: Recs Filmes)<\/p>\n\n\n\n<p>Aimport\u00e2ncia da representatividade nos jogos tamb\u00e9m foi pauta do talk. Rennan Gon\u00e7alves, CEO da Maloca Games, empresa que desenvolve o estilo afrogames e que valorizam povos marginalizados, promovendo o protagonismo e a valoriza\u00e7\u00e3o cultural, conta que \u00e9 importante jogos e m\u00eddias que reproduzam a imagem de diferentes realidades.\u00a0<em>&#8220;Ao introduzir jogos modernos, com protagonistas que representam a diversidade, estamos falando de autoconhecimento&#8221;,<\/em>\u00a0afirma.<\/p>\n\n\n\n<p>Carla Delponte, do Mundo Adaptado, marketplace de produtos para crian\u00e7as com defici\u00eancia, destaca que o mercado inclusivo vem crescendo, mas ainda h\u00e1 muito a ser feito.\u00a0<em>&#8220;Temos mais acessibilidade do que inclus\u00e3o&#8221;<\/em>, observa. O Mundo Adaptado oferece desde jogos e equipamentos at\u00e9 brinquedos adaptados, al\u00e9m de conte\u00fados informativos para pais e respons\u00e1veis.<\/p>\n\n\n\n<figure class=\"wp-block-image size-full\"><img loading=\"lazy\" decoding=\"async\" width=\"981\" height=\"654\" src=\"https:\/\/tveventos.tv.br\/wp-content\/uploads\/2024\/03\/image-19.png\" alt=\"\" class=\"wp-image-907\" srcset=\"https:\/\/tveventos.tv.br\/wp-content\/uploads\/2024\/03\/image-19.png 981w, https:\/\/tveventos.tv.br\/wp-content\/uploads\/2024\/03\/image-19-300x200.png 300w, https:\/\/tveventos.tv.br\/wp-content\/uploads\/2024\/03\/image-19-768x512.png 768w, https:\/\/tveventos.tv.br\/wp-content\/uploads\/2024\/03\/image-19-150x100.png 150w, https:\/\/tveventos.tv.br\/wp-content\/uploads\/2024\/03\/image-19-696x464.png 696w\" sizes=\"auto, (max-width: 981px) 100vw, 981px\" \/><\/figure>\n\n\n\n<p>Figura IV &#8211; Carla Delponte, do Mundo Adaptado, marketplace de produtos para crian\u00e7as com defici\u00eancia (Foto: Recs Filmes)<\/p>\n\n\n\n<p>A ind\u00fastria precisa ir al\u00e9m da acessibilidade e pensar em inclus\u00e3o, como ressalta Zanoni.\u00a0<em>&#8220;O conte\u00fado inclusivo \u00e9 feito inteiramente pensando em se comunicar com esse p\u00fablico&#8221;, exemplifica. O Zoomo Kids, por exemplo, possui desenhos com protagonistas cadeirantes, autistas e com defici\u00eancia auditiva, mostrando que a diversidade \u00e9 parte da vida\u201d.<\/em>\u00a0<\/p>\n\n\n<div class=\"wp-block-image\">\n<figure class=\"aligncenter size-full\"><img loading=\"lazy\" decoding=\"async\" width=\"950\" height=\"633\" src=\"https:\/\/tveventos.tv.br\/wp-content\/uploads\/2024\/03\/image-20.png\" alt=\"\" class=\"wp-image-908\" srcset=\"https:\/\/tveventos.tv.br\/wp-content\/uploads\/2024\/03\/image-20.png 950w, https:\/\/tveventos.tv.br\/wp-content\/uploads\/2024\/03\/image-20-300x200.png 300w, https:\/\/tveventos.tv.br\/wp-content\/uploads\/2024\/03\/image-20-768x512.png 768w, https:\/\/tveventos.tv.br\/wp-content\/uploads\/2024\/03\/image-20-150x100.png 150w, https:\/\/tveventos.tv.br\/wp-content\/uploads\/2024\/03\/image-20-696x464.png 696w\" sizes=\"auto, (max-width: 950px) 100vw, 950px\" \/><\/figure>\n<\/div>\n\n\n<p>Delponte refor\u00e7a a necessidade de olhar para o outro e entender suas necessidades para criar solu\u00e7\u00f5es que possibilitem a inclus\u00e3o na brincadeira. O Mundo Adaptado, por exemplo, possui uma comunidade online com cerca de 35 mil fam\u00edlias que trocam experi\u00eancias e informa\u00e7\u00f5es.<\/p>\n\n\n\n<p><\/p>\n\n\n\n<p><\/p>\n","protected":false},"excerpt":{"rendered":"<p>Expositores e palestrantes do ABRIN Talks enfatizam a import\u00e2ncia dos brinquedos para diversidade, inclus\u00e3o e pessoas com condi\u00e7\u00f5es especiais A&nbsp;ABRIN 2024&nbsp;deu voz \u00e0 import\u00e2ncia da inclus\u00e3o no universo dos brinquedos, refor\u00e7ando que o brincar \u00e9 um direito de todas as crian\u00e7as. Na palestra do Abrin Talks do segundo dia,&nbsp;Categorias especiais do varejo: Brinquedos para diversidade, [&hellip;]<\/p>\n","protected":false},"author":2,"featured_media":909,"comment_status":"open","ping_status":"open","sticky":false,"template":"","format":"standard","meta":{"footnotes":""},"categories":[1],"tags":[],"class_list":{"0":"post-904","1":"post","2":"type-post","3":"status-publish","4":"format-standard","5":"has-post-thumbnail","7":"category-workshopsepalestras"},"_links":{"self":[{"href":"https:\/\/tveventos.tv.br\/index.php?rest_route=\/wp\/v2\/posts\/904","targetHints":{"allow":["GET"]}}],"collection":[{"href":"https:\/\/tveventos.tv.br\/index.php?rest_route=\/wp\/v2\/posts"}],"about":[{"href":"https:\/\/tveventos.tv.br\/index.php?rest_route=\/wp\/v2\/types\/post"}],"author":[{"embeddable":true,"href":"https:\/\/tveventos.tv.br\/index.php?rest_route=\/wp\/v2\/users\/2"}],"replies":[{"embeddable":true,"href":"https:\/\/tveventos.tv.br\/index.php?rest_route=%2Fwp%2Fv2%2Fcomments&post=904"}],"version-history":[{"count":1,"href":"https:\/\/tveventos.tv.br\/index.php?rest_route=\/wp\/v2\/posts\/904\/revisions"}],"predecessor-version":[{"id":910,"href":"https:\/\/tveventos.tv.br\/index.php?rest_route=\/wp\/v2\/posts\/904\/revisions\/910"}],"wp:featuredmedia":[{"embeddable":true,"href":"https:\/\/tveventos.tv.br\/index.php?rest_route=\/wp\/v2\/media\/909"}],"wp:attachment":[{"href":"https:\/\/tveventos.tv.br\/index.php?rest_route=%2Fwp%2Fv2%2Fmedia&parent=904"}],"wp:term":[{"taxonomy":"category","embeddable":true,"href":"https:\/\/tveventos.tv.br\/index.php?rest_route=%2Fwp%2Fv2%2Fcategories&post=904"},{"taxonomy":"post_tag","embeddable":true,"href":"https:\/\/tveventos.tv.br\/index.php?rest_route=%2Fwp%2Fv2%2Ftags&post=904"}],"curies":[{"name":"wp","href":"https:\/\/api.w.org\/{rel}","templated":true}]}}