{"id":913,"date":"2024-03-07T16:26:27","date_gmt":"2024-03-07T19:26:27","guid":{"rendered":"https:\/\/tveventos.tv.br\/?p=913"},"modified":"2024-03-07T16:26:31","modified_gmt":"2024-03-07T19:26:31","slug":"docol-apresenta-na-expo-revestir-2024-a-evolucao-do-estande-premiado-com-o-if-design-award-na-ultima-edicao","status":"publish","type":"post","link":"https:\/\/tveventos.tv.br\/?p=913","title":{"rendered":"Docol apresenta na Expo Revestir 2024 a evolu\u00e7\u00e3o do estande premiado com o iF Design Award na \u00faltima edi\u00e7\u00e3o"},"content":{"rendered":"\n<p>Empresa foi reconhecida internacionalmente em um dos pr\u00eamios mais importantes de design do mundo com o estande &#8220;Floresta Docol&#8221;<\/p>\n\n\n\n<p><strong>Joinville, mar\u00e7o de 2024<\/strong>&nbsp;\u2014 A Docol, empresa refer\u00eancia em metais, inox e lou\u00e7as sanit\u00e1rias, participar\u00e1 da Expo Revestir 2024, a ser realizada entre 19 e 22 de mar\u00e7o, no pavilh\u00e3o S\u00e3o Paulo Expo. Com anos de participa\u00e7\u00e3o na feira, considerada a maior em acabamentos e revestimentos da Am\u00e9rica Latina, a empresa conquistou o selo iF Design Awards 2024, pelo estande tempor\u00e1rio \u201cFloresta Docol\u201d, apresentado na \u00faltima edi\u00e7\u00e3o da Revestir.<\/p>\n\n\n\n<p>O projeto foi desenvolvido por Daniel Mangabeira, Henrique Coutinho e Matheus Seco, que comp\u00f5em o escrit\u00f3rio BLOCO Arquitetos, localizado em Bras\u00edlia. Em parceria com a empresa, foi constru\u00eddo um estande de produtos da marca, que tinha como base a liga\u00e7\u00e3o indissoci\u00e1vel entre florestas e \u00e1gua.<\/p>\n\n\n\n<p>De acordo com Anderson Moraes, Diretor de Marketing da empresa, o projeto se alinha a um dos maiores objetivos da Docol: o uso consciente da \u00e1gua em seus produtos. \u201cA preserva\u00e7\u00e3o da \u00e1gua no planeta, est\u00e1 intimamente ligada \u00e0 preserva\u00e7\u00e3o das florestas e essa consci\u00eancia ambiental n\u00e3o se fez presente apenas em nosso estande, como permeia toda nossa cadeia produtiva, desde \u00e0 concep\u00e7\u00e3o do que chegar\u00e1 ao consumidor, que dever\u00e1 ser um produto que possibilite um adequado consumo h\u00eddrico, passando pela produ\u00e7\u00e3o em nossas f\u00e1bricas e chegando ao processo de distribui\u00e7\u00e3o\u201d, afirma.<\/p>\n\n\n\n<p>Com base neste conceito, foi produzido um espa\u00e7o expositivo que pudesse ser constru\u00eddo rapidamente, com o m\u00ednimo de res\u00edduos poss\u00edvel, utilizando um material de baixo impacto ambiental. \u201cO projeto como um todo traduz nosso compromisso com a sustentabilidade, com certeza este pr\u00eamio \u00e9 um grande reconhecimento de nosso trabalho e vis\u00e3o de mundo\u201d, diz Anderson.<\/p>\n\n\n\n<p>O iF Design \u00e9 realizado desde 1953, sendo considerado uma das premia\u00e7\u00f5es mais prestigiadas de design em todo mundo. O reconhecimento, somado aos anteriores, faz da Docol a primeira no ranking da Am\u00e9rica Latina como a empresa mais contemplada pela premia\u00e7\u00e3o.<\/p>\n\n\n\n<p>O estande da Docol na Expo Revestir 2024 \u00e9 uma evolu\u00e7\u00e3o do conceito premiado de 2023, tamb\u00e9m projetado pela BLOCO Arquitetos, segue prestigiando a \u00e1gua como a fonte inesgot\u00e1vel de inspira\u00e7\u00e3o para a Docol, que tem como prop\u00f3sito contribuir para o uso racional da \u00e1gua atrav\u00e9s de solu\u00e7\u00f5es in\u00e9ditas que proporcionem experi\u00eancias com a \u00e1gua de forma sustent\u00e1vel.<\/p>\n\n\n\n<p>Um exemplo disso, \u00e9 a tecnologia DocolOz\u00f4nio, tamb\u00e9m premiada com o selo iF Design Award 2024, que tem como a sua principal caracter\u00edstica seu poder antibactericida &#8211; elimina 99% das bact\u00e9rias das superf\u00edcies e \u00e9 capaz de remover 75% dos agrot\u00f3xicos dos alimentos. Atrav\u00e9s da rea\u00e7\u00e3o entre \u00e1gua e o oxig\u00eanio ela gera o oz\u00f4nio que \u00e9 capaz de remover microrganismos nocivos \u00e0 sa\u00fade sem deixar res\u00edduos no meio ambiente. \u00c9 um processo natural, seguro, sem aditivos qu\u00edmicos e que n\u00e3o exige refil. A Docol \u00e9 a \u00fanica empresa da Am\u00e9rica Latina a disponibilizar essa tecnologia que possui efic\u00e1cia comprovada em&nbsp;<a href=\"https:\/\/www.scielo.br\/j\/rbccv\/a\/K6ChDvjrkVBhBMsZF6m5rDs\/\">pesquisas<\/a>.<\/p>\n\n\n\n<p>\u201cAcreditamos que o design e a tecnologia s\u00f3 fazem sentido quando reinventam o uso da \u00e1gua de forma inteligente para o bem-estar das pessoas e do planeta. Buscamos surpreender as pessoas transformando os momentos cotidianos para que a \u00e1gua seja fonte de inspira\u00e7\u00e3o para viver o melhor da vida\u201d, completa Anderson Moraes.<\/p>\n\n\n\n<p><strong>Sobre a Docol<\/strong><\/p>\n\n\n\n<p>A Docol \u00e9 uma ind\u00fastria brasileira com mais de seis d\u00e9cadas de exist\u00eancia e sede em Joinville. Seu objetivo \u00e9 transformar o cotidiano por meio do design, proporcionando experi\u00eancias \u00fanicas atrav\u00e9s da \u00e1gua, com solu\u00e7\u00f5es baseadas em inova\u00e7\u00e3o e sustentabilidade. Com um quadro de mais de 2.200 colaboradores e um portf\u00f3lio com mais de 2.900 itens, a empresa atua nas categorias de inox, metais e lou\u00e7as sanit\u00e1rias. Seus produtos, que acumulam pr\u00eamios ao redor do mundo, s\u00e3o exportados para mais de 35 pa\u00edses. A Docol \u00e9 uma das l\u00edderes do segmento no Brasil e a maior exportadora de metais sanit\u00e1rios da Am\u00e9rica Latina, contando com 3 plantas industriais.<\/p>\n\n\n\n<p>Para saber mais sobre a marca, acesse:&nbsp;<a href=\"http:\/\/www.docol.com.br\/\">www.docol.com.br<\/a>.<\/p>\n","protected":false},"excerpt":{"rendered":"<p>Empresa foi reconhecida internacionalmente em um dos pr\u00eamios mais importantes de design do mundo com o estande &#8220;Floresta Docol&#8221; Joinville, mar\u00e7o de 2024&nbsp;\u2014 A Docol, empresa refer\u00eancia em metais, inox e lou\u00e7as sanit\u00e1rias, participar\u00e1 da Expo Revestir 2024, a ser realizada entre 19 e 22 de mar\u00e7o, no pavilh\u00e3o S\u00e3o Paulo Expo. Com anos de [&hellip;]<\/p>\n","protected":false},"author":2,"featured_media":914,"comment_status":"open","ping_status":"open","sticky":false,"template":"","format":"standard","meta":{"footnotes":""},"categories":[1],"tags":[],"class_list":{"0":"post-913","1":"post","2":"type-post","3":"status-publish","4":"format-standard","5":"has-post-thumbnail","7":"category-workshopsepalestras"},"_links":{"self":[{"href":"https:\/\/tveventos.tv.br\/index.php?rest_route=\/wp\/v2\/posts\/913","targetHints":{"allow":["GET"]}}],"collection":[{"href":"https:\/\/tveventos.tv.br\/index.php?rest_route=\/wp\/v2\/posts"}],"about":[{"href":"https:\/\/tveventos.tv.br\/index.php?rest_route=\/wp\/v2\/types\/post"}],"author":[{"embeddable":true,"href":"https:\/\/tveventos.tv.br\/index.php?rest_route=\/wp\/v2\/users\/2"}],"replies":[{"embeddable":true,"href":"https:\/\/tveventos.tv.br\/index.php?rest_route=%2Fwp%2Fv2%2Fcomments&post=913"}],"version-history":[{"count":1,"href":"https:\/\/tveventos.tv.br\/index.php?rest_route=\/wp\/v2\/posts\/913\/revisions"}],"predecessor-version":[{"id":915,"href":"https:\/\/tveventos.tv.br\/index.php?rest_route=\/wp\/v2\/posts\/913\/revisions\/915"}],"wp:featuredmedia":[{"embeddable":true,"href":"https:\/\/tveventos.tv.br\/index.php?rest_route=\/wp\/v2\/media\/914"}],"wp:attachment":[{"href":"https:\/\/tveventos.tv.br\/index.php?rest_route=%2Fwp%2Fv2%2Fmedia&parent=913"}],"wp:term":[{"taxonomy":"category","embeddable":true,"href":"https:\/\/tveventos.tv.br\/index.php?rest_route=%2Fwp%2Fv2%2Fcategories&post=913"},{"taxonomy":"post_tag","embeddable":true,"href":"https:\/\/tveventos.tv.br\/index.php?rest_route=%2Fwp%2Fv2%2Ftags&post=913"}],"curies":[{"name":"wp","href":"https:\/\/api.w.org\/{rel}","templated":true}]}}