{"id":924,"date":"2024-03-08T12:35:32","date_gmt":"2024-03-08T15:35:32","guid":{"rendered":"https:\/\/tveventos.tv.br\/?p=924"},"modified":"2024-03-08T12:35:34","modified_gmt":"2024-03-08T15:35:34","slug":"dia-internacional-das-mulheres","status":"publish","type":"post","link":"https:\/\/tveventos.tv.br\/?p=924","title":{"rendered":"Dia Internacional das Mulheres"},"content":{"rendered":"\n<p>O Dia Internacional da Mulher \u00e9 uma data comemorativa que foi oficializada pela Organiza\u00e7\u00e3o das Na\u00e7\u00f5es Unidas na d\u00e9cada de 1970. Essa data simboliza a luta hist\u00f3rica das mulheres para terem suas condi\u00e7\u00f5es equiparadas \u00e0s dos homens.<\/p>\n\n\n\n<p>\u00c0s mulheres que desafiam expectativas, quebram barreiras e inspiram mudan\u00e7as, voc\u00eas s\u00e3o verdadeiramente extraordin\u00e1rias. <\/p>\n\n\n\n<p>Feliz Dia Internacional da Mulher.<\/p>\n","protected":false},"excerpt":{"rendered":"<p>O Dia Internacional da Mulher \u00e9 uma data comemorativa que foi oficializada pela Organiza\u00e7\u00e3o das Na\u00e7\u00f5es Unidas na d\u00e9cada de 1970. Essa data simboliza a luta hist\u00f3rica das mulheres para terem suas condi\u00e7\u00f5es equiparadas \u00e0s dos homens. \u00c0s mulheres que desafiam expectativas, quebram barreiras e inspiram mudan\u00e7as, voc\u00eas s\u00e3o verdadeiramente extraordin\u00e1rias. Feliz Dia Internacional da [&hellip;]<\/p>\n","protected":false},"author":2,"featured_media":925,"comment_status":"open","ping_status":"open","sticky":false,"template":"","format":"standard","meta":{"footnotes":""},"categories":[1],"tags":[],"class_list":{"0":"post-924","1":"post","2":"type-post","3":"status-publish","4":"format-standard","5":"has-post-thumbnail","7":"category-workshopsepalestras"},"_links":{"self":[{"href":"https:\/\/tveventos.tv.br\/index.php?rest_route=\/wp\/v2\/posts\/924","targetHints":{"allow":["GET"]}}],"collection":[{"href":"https:\/\/tveventos.tv.br\/index.php?rest_route=\/wp\/v2\/posts"}],"about":[{"href":"https:\/\/tveventos.tv.br\/index.php?rest_route=\/wp\/v2\/types\/post"}],"author":[{"embeddable":true,"href":"https:\/\/tveventos.tv.br\/index.php?rest_route=\/wp\/v2\/users\/2"}],"replies":[{"embeddable":true,"href":"https:\/\/tveventos.tv.br\/index.php?rest_route=%2Fwp%2Fv2%2Fcomments&post=924"}],"version-history":[{"count":1,"href":"https:\/\/tveventos.tv.br\/index.php?rest_route=\/wp\/v2\/posts\/924\/revisions"}],"predecessor-version":[{"id":926,"href":"https:\/\/tveventos.tv.br\/index.php?rest_route=\/wp\/v2\/posts\/924\/revisions\/926"}],"wp:featuredmedia":[{"embeddable":true,"href":"https:\/\/tveventos.tv.br\/index.php?rest_route=\/wp\/v2\/media\/925"}],"wp:attachment":[{"href":"https:\/\/tveventos.tv.br\/index.php?rest_route=%2Fwp%2Fv2%2Fmedia&parent=924"}],"wp:term":[{"taxonomy":"category","embeddable":true,"href":"https:\/\/tveventos.tv.br\/index.php?rest_route=%2Fwp%2Fv2%2Fcategories&post=924"},{"taxonomy":"post_tag","embeddable":true,"href":"https:\/\/tveventos.tv.br\/index.php?rest_route=%2Fwp%2Fv2%2Ftags&post=924"}],"curies":[{"name":"wp","href":"https:\/\/api.w.org\/{rel}","templated":true}]}}