{"id":930,"date":"2024-03-11T14:16:46","date_gmt":"2024-03-11T17:16:46","guid":{"rendered":"https:\/\/tveventos.tv.br\/?p=930"},"modified":"2024-03-11T14:16:49","modified_gmt":"2024-03-11T17:16:49","slug":"conexao-farma-2024-e-amanha","status":"publish","type":"post","link":"https:\/\/tveventos.tv.br\/?p=930","title":{"rendered":"Conex\u00e3o Farma 2024: \u00e9 amanh\u00e3!"},"content":{"rendered":"\n<p class=\"has-text-align-center\"><em>Maior evento do segmento farmac\u00eautico ter\u00e1 in\u00edcio amanh\u00e3 com diversas atra\u00e7\u00f5es, como o Wellness Hub, a Farm\u00e1cia do Futuro e a Rua do Associativismo<\/em><\/p>\n\n\n\n<p>Considerado um dos maiores eventos do setor farmac\u00eautico do Brasil, o Conex\u00e3o Farma, promovido e realizado pela Associa\u00e7\u00e3o Brasileira de Distribui\u00e7\u00e3o e Log\u00edstica de Produtos Farmac\u00eauticos (Abradilan) acontecer\u00e1 entre os dias 12 e 14 de mar\u00e7o de 2024 das 14h \u00e0s 21h, no Expo Center Norte, na capital paulista, com mais de 170 expositores da ind\u00fastria farmac\u00eautica, Higiene &amp; Beleza (H&amp;B), nutri\u00e7\u00e3o e servi\u00e7os.<\/p>\n\n\n\n<p>Para esta edi\u00e7\u00e3o, a entidade desenvolveu, em parceria com a SaudaBe Group, um projeto chamado Wellness Hub. Trata-se de uma grande inova\u00e7\u00e3o para que os visitantes possam ter uma oportunidade \u00fanica de conhecer categorias ainda pouco trabalhadas no canal farma, como alimentos e bebidas.<\/p>\n\n\n\n<p>No mundo p\u00f3s-pandemia, o tema bem-estar ficou muito forte. Essa \u00e9 uma \u00f3tima ocasi\u00e3o para uma nova composi\u00e7\u00e3o da cesta de consumo em farm\u00e1cias e drogarias, al\u00e9m, \u00e9 claro, de aumentar o t\u00edquete m\u00e9dio do <em>shopper<\/em>.<\/p>\n\n\n\n<p>O Wellness Hub contar\u00e1 com marcas que ter\u00e3o a oportunidade de apresentar seus produtos nos tr\u00eas dias de feira, al\u00e9m disso, elas ter\u00e3o um <em>pitch<\/em> de at\u00e9 30 minutos, onde a empresa poder\u00e1 expor sua proposta de valor e o porqu\u00ea de estar no canal farma.<\/p>\n\n\n\n<p>Mais um destaque fica por conta da Farm\u00e1cia do Futuro, que \u00e9 desenvolvida em parceria com a Contento Comunica\u00e7\u00e3o (empresa que produz a revista Guia da Farm\u00e1cia).<\/p>\n\n\n\n<p>A Farm\u00e1cia do Futuro aponta os novos rumos do canal, que visa trazer uma experi\u00eancia de compras sem atritos e capaz de atender o consumidor onde, quando e na hora que ele quiser. A automa\u00e7\u00e3o aplicada aos neg\u00f3cios \u00e9 um investimento para que as lojas tenham a oportunidade de encantar o consumidor, seja pela rapidez e assertividade no atendimento, seja pela atratividade das g\u00f4ndolas ou pela possibilidade de ter uma solu\u00e7\u00e3o completa em um \u00fanico local. \u00c1reas de visita obrigat\u00f3ria para a viv\u00eancia de diversos conceitos na pr\u00e1tica.<\/p>\n\n\n\n<p>Al\u00e9m disso, o evento contar\u00e1 com a Rua do Associativismo. O espa\u00e7o foi especialmente pensado para que os visitantes possam entender melhor o modelo associativista e observar como ele vem se destacando diante de um mercado altamente competitivo. \u00c9 importante ressaltar a import\u00e2ncia desta iniciativa para fortalecer a rela\u00e7\u00e3o com colaboradores e parceiros, facilitando que neg\u00f3cios estrat\u00e9gicos possam ser fechados de forma integrada. Ser\u00e1 tamb\u00e9m uma grande oportunidade para que fornecedores de produtos e servi\u00e7os possam entender e participar dos neg\u00f3cios do segmento que mais cresce no mercado brasileiro h\u00e1 mais de duas d\u00e9cadas.<\/p>\n\n\n\n<p>\u00c9 importante ressaltar ainda que o evento \u00e9 100% gratuito.<\/p>\n\n\n\n<p>No dia 14 de mar\u00e7o, \u00e0s 20h30, a dupla C\u00e9sar Menotti &amp; Fabiano far\u00e1 o grande show de encerramento.<\/p>\n\n\n\n<p><strong>SERVI\u00c7O<\/strong><\/p>\n\n\n\n<p><strong><br><\/strong><strong>Evento:<\/strong> Conex\u00e3o Farma 2024<\/p>\n\n\n\n<p><strong>Data:<\/strong> 12 a 14 de mar\u00e7o de 2024<\/p>\n\n\n\n<p><strong>Hor\u00e1rio:<\/strong> 14h \u00e0s 21h<\/p>\n\n\n\n<p><strong>Inscri\u00e7\u00f5es:<\/strong> <a href=\"https:\/\/s2403.imxsnd20.com\/link.php?code=bDpodHRwcyUzQSUyRiUyRnd3dy5hYnJhZGlsYW4uY29tLmJyJTJGY29uZXhhby1mYXJtYS0yNCUyRjozMTkwODU0ODU3OnJlZGFjYW90dmV2ZW50b3NAZ21haWwuY29tOmVmNzY2Njo3Mg==\">aqui!<\/a><\/p>\n\n\n\n<p><strong>Local:<\/strong> Expo Center Norte<\/p>\n\n\n\n<p><strong>Endere\u00e7o:<\/strong> Rua Jos\u00e9 Bernardo Pinto, 333, Vila Guilherme, S\u00e3o Paulo (SP)<\/p>\n\n\n\n<p>___________<\/p>\n\n\n\n<p><strong>SOBRE A ABRADILAN<\/strong><\/p>\n\n\n\n<p>Constitu\u00edda em 1998, a Associa\u00e7\u00e3o Brasileira de Distribui\u00e7\u00e3o e Log\u00edstica de Produtos Farmac\u00eauticos (Abradilan) \u00e9 formada por empresas distribuidoras de medicamentos, produtos para a sa\u00fade, artigos de higiene pessoal e cosm\u00e9ticos no mercado. Com cerca de 160 empresas associadas, tem como miss\u00e3o contribuir para o desenvolvimento e fortalecimento do mercado e de seus membros, promovendo a melhoria cont\u00ednua e eficaz de seus servi\u00e7os.<\/p>\n","protected":false},"excerpt":{"rendered":"<p>Maior evento do segmento farmac\u00eautico ter\u00e1 in\u00edcio amanh\u00e3 com diversas atra\u00e7\u00f5es, como o Wellness Hub, a Farm\u00e1cia do Futuro e a Rua do Associativismo Considerado um dos maiores eventos do setor farmac\u00eautico do Brasil, o Conex\u00e3o Farma, promovido e realizado pela Associa\u00e7\u00e3o Brasileira de Distribui\u00e7\u00e3o e Log\u00edstica de Produtos Farmac\u00eauticos (Abradilan) acontecer\u00e1 entre os dias [&hellip;]<\/p>\n","protected":false},"author":2,"featured_media":931,"comment_status":"open","ping_status":"open","sticky":false,"template":"","format":"standard","meta":{"footnotes":""},"categories":[23],"tags":[],"class_list":{"0":"post-930","1":"post","2":"type-post","3":"status-publish","4":"format-standard","5":"has-post-thumbnail","7":"category-feirasdenegocios"},"_links":{"self":[{"href":"https:\/\/tveventos.tv.br\/index.php?rest_route=\/wp\/v2\/posts\/930","targetHints":{"allow":["GET"]}}],"collection":[{"href":"https:\/\/tveventos.tv.br\/index.php?rest_route=\/wp\/v2\/posts"}],"about":[{"href":"https:\/\/tveventos.tv.br\/index.php?rest_route=\/wp\/v2\/types\/post"}],"author":[{"embeddable":true,"href":"https:\/\/tveventos.tv.br\/index.php?rest_route=\/wp\/v2\/users\/2"}],"replies":[{"embeddable":true,"href":"https:\/\/tveventos.tv.br\/index.php?rest_route=%2Fwp%2Fv2%2Fcomments&post=930"}],"version-history":[{"count":1,"href":"https:\/\/tveventos.tv.br\/index.php?rest_route=\/wp\/v2\/posts\/930\/revisions"}],"predecessor-version":[{"id":932,"href":"https:\/\/tveventos.tv.br\/index.php?rest_route=\/wp\/v2\/posts\/930\/revisions\/932"}],"wp:featuredmedia":[{"embeddable":true,"href":"https:\/\/tveventos.tv.br\/index.php?rest_route=\/wp\/v2\/media\/931"}],"wp:attachment":[{"href":"https:\/\/tveventos.tv.br\/index.php?rest_route=%2Fwp%2Fv2%2Fmedia&parent=930"}],"wp:term":[{"taxonomy":"category","embeddable":true,"href":"https:\/\/tveventos.tv.br\/index.php?rest_route=%2Fwp%2Fv2%2Fcategories&post=930"},{"taxonomy":"post_tag","embeddable":true,"href":"https:\/\/tveventos.tv.br\/index.php?rest_route=%2Fwp%2Fv2%2Ftags&post=930"}],"curies":[{"name":"wp","href":"https:\/\/api.w.org\/{rel}","templated":true}]}}