{"id":934,"date":"2024-03-11T15:42:58","date_gmt":"2024-03-11T18:42:58","guid":{"rendered":"https:\/\/tveventos.tv.br\/?p=934"},"modified":"2024-03-11T15:43:01","modified_gmt":"2024-03-11T18:43:01","slug":"celebra-show-credenciamento-para-a-principal-feira-de-negocios-do-setor-de-celebracoes-ja-esta-aberto","status":"publish","type":"post","link":"https:\/\/tveventos.tv.br\/?p=934","title":{"rendered":"CELEBRA SHOW: Credenciamento para a principal feira de neg\u00f3cios do setor de celebra\u00e7\u00f5es j\u00e1 est\u00e1 aberto"},"content":{"rendered":"\n<p><em>Epicentro de tend\u00eancias e novidades, evento espera superar o sucesso de sua edi\u00e7\u00e3o anterior<\/em><\/p>\n\n\n\n<p>A Celebra Show, refer\u00eancia em feira de neg\u00f3cios dedicada aos segmentos de Natal, Eventos Sociais, Festas, Halloween, Bal\u00f5es, Confeitaria e Parques, est\u00e1 com o credenciamento aberto para sua aguardada edi\u00e7\u00e3o 2024. Marcada para acontecer entre os dias 26 e 29 de maio, no Expo Center Norte, em S\u00e3o Paulo, promete apresentar novidades, tend\u00eancias e lan\u00e7amentos que ir\u00e3o impulsionar o setor este ano.<\/p>\n\n\n\n<p>Sua \u00faltima edi\u00e7\u00e3o, realizada em maio de 2023, foi um grande sucesso, reunindo mais de 40 mil visitantes, entre profissionais e lojistas de todo o pa\u00eds, al\u00e9m de delega\u00e7\u00f5es internacionais. Com mais de 55 mil metros quadrados de \u00e1rea de exposi\u00e7\u00e3o, a feira representa mais de 80% do mercado de celebra\u00e7\u00f5es no Brasil e proporciona uma verdadeira imers\u00e3o no universo desses segmentos, apresentando as principais tend\u00eancias, novidades e muita divers\u00e3o na hora de fechar neg\u00f3cios.<\/p>\n\n\n\n<p>&#8220;A Celebra Show veio para revolucionar o mercado de celebra\u00e7\u00f5es. Reunimos em um \u00fanico lugar os expositores de todos os segmentos do setor com o intuito de auxiliar o lojista a adquirir o que ele precisa para aprimorar o seu neg\u00f3cio&#8221;, afirma Eduardo Cincinato, presidente da ABCasa (Artigos para a Casa, Decora\u00e7\u00e3o, Presentes, Utilidades Dom\u00e9sticas, Festas, Flores e T\u00eaxtil), entidade respons\u00e1vel pela organiza\u00e7\u00e3o do evento.&nbsp;<\/p>\n\n\n\n<p>A Celebra Show \u00e9 a uni\u00e3o das duas maiores feiras do setor de festas, a antiga ABCasa Natal e Festas e a Expo Festas e Parques, realizada pela Francal. Desde 2023, a ABCasa \u00e9 a respons\u00e1vel pelo evento e tem como objetivo reunir os segmentos de artigos para Natal, Festas, Parques, Eventos sociais, Halloween, Confeitaria e Bal\u00f5es em um \u00fanico local.<br><br>De acordo com Anderson Passos, diretor-executivo da ABCasa, o evento \u00e9 o resultado de uma demanda deste mercado e tem como foco promover um espa\u00e7o para novas oportunidades de neg\u00f3cios e de desenvolvimento dos associados.<br><br>&#8220;Quem participa da feira encontra todas as novidades do mercado de celebra\u00e7\u00f5es em um \u00fanico lugar, o que auxilia o lojista e o profissional do setor a se atualizar com as principais tend\u00eancias e garantir seu estoque para o fim do ano&#8221;, comenta Passos.<br><br>Atualmente, a Celebra Show conta com mais de 190 expositores, entre fabricantes nacionais, importadores, exportadores e artes\u00e3os, al\u00e9m de movimentar o mercado nacional e internacional de celebra\u00e7\u00f5es.<\/p>\n\n\n\n<p>Um de seus principais atrativos \u00e9 o Collab, um espa\u00e7o posicionado na entrada do pavilh\u00e3o do Expo Center Norte, totalmente decorado pelos principais profissionais de decora\u00e7\u00e3o. Al\u00e9m disso, a feira conta com outras ativa\u00e7\u00f5es especiais, como a exposi\u00e7\u00e3o de bal\u00f5es e o Ballon Meeting Brazil (BMB) &#8211; o principal semin\u00e1rio de bal\u00f5es do Brasil, que re\u00fane grandes marcas e especialistas da arte do bal\u00e3o e acontece durante a feira em uma \u00e1rea exclusiva. A grade de palestras e conte\u00fados voltados para o mercado de celebra\u00e7\u00f5es e os desafios de decora\u00e7\u00e3o tamb\u00e9m s\u00e3o destaques.<br><\/p>\n\n\n\n<p>A Celebra Show \u00e9 uma oportunidade \u00fanica para profissionais e empresas se atualizarem, fazerem neg\u00f3cios e se inspirarem com as \u00faltimas tend\u00eancias e inova\u00e7\u00f5es. O credenciamento pode ser realizado no site oficial: <a href=\"http:\/\/www.celebrashow.com.br\/\">www.celebrashow.com.br<\/a>.<\/p>\n\n\n\n<p><strong>Servi\u00e7o<\/strong><\/p>\n\n\n\n<p><strong>Celebra Show<\/strong><\/p>\n\n\n\n<p><strong>Dias:<\/strong> 26 a 29 de maio de 2024<\/p>\n\n\n\n<p><strong>Local:<\/strong> Expo Center Norte<\/p>\n\n\n\n<p><strong>Endere\u00e7o:<\/strong> Rua Jos\u00e9 Bernardo Pinto, 333 &#8211; Vila Guilherme<\/p>\n\n\n\n<p><strong>Credenciamento:<\/strong> <a href=\"http:\/\/www.celebrashow.com.br\/\">www.celebrashow.com.br<\/a><\/p>\n\n\n\n<p><a href=\"https:\/\/abcasa.org.br\/\"><strong>Sobre a ABCasa&nbsp;<\/strong><\/a><\/p>\n\n\n\n<p>A ABCasa &#8211; Associa\u00e7\u00e3o Brasileira de Artigos para a Casa, Decora\u00e7\u00e3o, Presentes, Utilidades Dom\u00e9sticas, Festas, Flores e T\u00eaxtil &#8211; \u00e9 uma entidade sem fins lucrativos, que se constitui como a mais representativa do setor. Seu objetivo principal \u00e9 fortalecer o segmento e criar uma base de relacionamento entre empresas, entidades de classe, fornecedores, distribuidores, importadoras e profissionais.<\/p>\n\n\n\n<p>Com mais de 650 associados, a organiza\u00e7\u00e3o auxilia na matura\u00e7\u00e3o do mercado de artigos para a casa e celebra\u00e7\u00e3o, oferecendo conte\u00fados, estudos setoriais e organizando eventos importantes que geram excelentes oportunidades de neg\u00f3cios aos associados.<\/p>\n\n\n\n<p><a href=\"https:\/\/www.celebrashow.com.br\/?gclid=CjwKCAjwq-WgBhBMEiwAzKSH6GlUNGbnAetwWXoTLIwlvbeymfeIrk_M_01VRDg8afHGHzjAWjUxMhoCpmwQAvD_BwE\"><strong>Sobre a CELEBRA SHOW&nbsp;<\/strong><\/a><\/p>\n\n\n\n<p>A Celebra Show \u00e9 a uni\u00e3o das duas maiores feiras do setor de festas, a antiga ABCasa Natal e Festas e a Expo Festas e Parques, realizada pela Francal. A ABCasa &#8211; Associa\u00e7\u00e3o Brasileira de Artigos para a Casa, Decora\u00e7\u00e3o, Presentes, Utilidades Dom\u00e9sticas, Festas, Flores e T\u00eaxtil &#8211; agora \u00e9 a respons\u00e1vel pelo evento e tem como objetivo agregar todos os segmentos de natal, festas, parques, eventos sociais, halloween, confeitaria, bal\u00f5es em um \u00fanico local.<br><br>O evento \u00e9 o resultado de uma demanda deste mercado e tem como foco promover um espa\u00e7o para novas oportunidades de neg\u00f3cios e de desenvolvimento dos associados. Atualmente, a Celebra Show conta com mais de 200 expositores, entre eles fabricantes nacionais, importadores, exportadores e artes\u00e3os, a Celebra Show movimenta o mercado nacional e internacional de celebra\u00e7\u00f5es.<\/p>\n","protected":false},"excerpt":{"rendered":"<p>Epicentro de tend\u00eancias e novidades, evento espera superar o sucesso de sua edi\u00e7\u00e3o anterior A Celebra Show, refer\u00eancia em feira de neg\u00f3cios dedicada aos segmentos de Natal, Eventos Sociais, Festas, Halloween, Bal\u00f5es, Confeitaria e Parques, est\u00e1 com o credenciamento aberto para sua aguardada edi\u00e7\u00e3o 2024. Marcada para acontecer entre os dias 26 e 29 de [&hellip;]<\/p>\n","protected":false},"author":2,"featured_media":935,"comment_status":"open","ping_status":"open","sticky":false,"template":"","format":"standard","meta":{"footnotes":""},"categories":[1],"tags":[],"class_list":{"0":"post-934","1":"post","2":"type-post","3":"status-publish","4":"format-standard","5":"has-post-thumbnail","7":"category-workshopsepalestras"},"_links":{"self":[{"href":"https:\/\/tveventos.tv.br\/index.php?rest_route=\/wp\/v2\/posts\/934","targetHints":{"allow":["GET"]}}],"collection":[{"href":"https:\/\/tveventos.tv.br\/index.php?rest_route=\/wp\/v2\/posts"}],"about":[{"href":"https:\/\/tveventos.tv.br\/index.php?rest_route=\/wp\/v2\/types\/post"}],"author":[{"embeddable":true,"href":"https:\/\/tveventos.tv.br\/index.php?rest_route=\/wp\/v2\/users\/2"}],"replies":[{"embeddable":true,"href":"https:\/\/tveventos.tv.br\/index.php?rest_route=%2Fwp%2Fv2%2Fcomments&post=934"}],"version-history":[{"count":1,"href":"https:\/\/tveventos.tv.br\/index.php?rest_route=\/wp\/v2\/posts\/934\/revisions"}],"predecessor-version":[{"id":936,"href":"https:\/\/tveventos.tv.br\/index.php?rest_route=\/wp\/v2\/posts\/934\/revisions\/936"}],"wp:featuredmedia":[{"embeddable":true,"href":"https:\/\/tveventos.tv.br\/index.php?rest_route=\/wp\/v2\/media\/935"}],"wp:attachment":[{"href":"https:\/\/tveventos.tv.br\/index.php?rest_route=%2Fwp%2Fv2%2Fmedia&parent=934"}],"wp:term":[{"taxonomy":"category","embeddable":true,"href":"https:\/\/tveventos.tv.br\/index.php?rest_route=%2Fwp%2Fv2%2Fcategories&post=934"},{"taxonomy":"post_tag","embeddable":true,"href":"https:\/\/tveventos.tv.br\/index.php?rest_route=%2Fwp%2Fv2%2Ftags&post=934"}],"curies":[{"name":"wp","href":"https:\/\/api.w.org\/{rel}","templated":true}]}}