{"id":940,"date":"2024-03-13T17:04:59","date_gmt":"2024-03-13T20:04:59","guid":{"rendered":"https:\/\/tveventos.tv.br\/?p=940"},"modified":"2024-03-13T17:08:28","modified_gmt":"2024-03-13T20:08:28","slug":"fespa-digital-printing-2024","status":"publish","type":"post","link":"https:\/\/tveventos.tv.br\/?p=940","title":{"rendered":"FESPA Digital Printing 2024"},"content":{"rendered":"\n<p>\u00a0A principal feira de impress\u00e3o digital do pa\u00eds, centro de apresenta\u00e7\u00e3o de tecnologias em impress\u00e3o digital da Am\u00e9rica Latina.<\/p>\n\n\n\n<p>Junte-se a n\u00f3s, nos dias 11 a 14 de mar\u00e7o das 13h \u00e0s 20h, no prestigiado EXPO CENTER NORTE.<\/p>\n\n\n\n<p>Rua Jos\u00e9 Bernardo Pinto, 333, Vila Guilherme.<\/p>\n","protected":false},"excerpt":{"rendered":"<p>\u00a0A principal feira de impress\u00e3o digital do pa\u00eds, centro de apresenta\u00e7\u00e3o de tecnologias em impress\u00e3o digital da Am\u00e9rica Latina. Junte-se a n\u00f3s, nos dias 11 a 14 de mar\u00e7o das 13h \u00e0s 20h, no prestigiado EXPO CENTER NORTE. Rua Jos\u00e9 Bernardo Pinto, 333, Vila Guilherme.<\/p>\n","protected":false},"author":2,"featured_media":943,"comment_status":"open","ping_status":"open","sticky":false,"template":"","format":"standard","meta":{"footnotes":""},"categories":[25],"tags":[],"class_list":{"0":"post-940","1":"post","2":"type-post","3":"status-publish","4":"format-standard","5":"has-post-thumbnail","7":"category-calendariodeeventos"},"_links":{"self":[{"href":"https:\/\/tveventos.tv.br\/index.php?rest_route=\/wp\/v2\/posts\/940","targetHints":{"allow":["GET"]}}],"collection":[{"href":"https:\/\/tveventos.tv.br\/index.php?rest_route=\/wp\/v2\/posts"}],"about":[{"href":"https:\/\/tveventos.tv.br\/index.php?rest_route=\/wp\/v2\/types\/post"}],"author":[{"embeddable":true,"href":"https:\/\/tveventos.tv.br\/index.php?rest_route=\/wp\/v2\/users\/2"}],"replies":[{"embeddable":true,"href":"https:\/\/tveventos.tv.br\/index.php?rest_route=%2Fwp%2Fv2%2Fcomments&post=940"}],"version-history":[{"count":1,"href":"https:\/\/tveventos.tv.br\/index.php?rest_route=\/wp\/v2\/posts\/940\/revisions"}],"predecessor-version":[{"id":942,"href":"https:\/\/tveventos.tv.br\/index.php?rest_route=\/wp\/v2\/posts\/940\/revisions\/942"}],"wp:featuredmedia":[{"embeddable":true,"href":"https:\/\/tveventos.tv.br\/index.php?rest_route=\/wp\/v2\/media\/943"}],"wp:attachment":[{"href":"https:\/\/tveventos.tv.br\/index.php?rest_route=%2Fwp%2Fv2%2Fmedia&parent=940"}],"wp:term":[{"taxonomy":"category","embeddable":true,"href":"https:\/\/tveventos.tv.br\/index.php?rest_route=%2Fwp%2Fv2%2Fcategories&post=940"},{"taxonomy":"post_tag","embeddable":true,"href":"https:\/\/tveventos.tv.br\/index.php?rest_route=%2Fwp%2Fv2%2Ftags&post=940"}],"curies":[{"name":"wp","href":"https:\/\/api.w.org\/{rel}","templated":true}]}}