{"id":948,"date":"2024-03-13T17:31:55","date_gmt":"2024-03-13T20:31:55","guid":{"rendered":"https:\/\/tveventos.tv.br\/?p=948"},"modified":"2024-03-13T17:31:58","modified_gmt":"2024-03-13T20:31:58","slug":"expo-revestir-2024","status":"publish","type":"post","link":"https:\/\/tveventos.tv.br\/?p=948","title":{"rendered":"Expo Revestir 2024"},"content":{"rendered":"\n<p>Com trajet\u00f3ria de mais de 20 anos, a maior feira de revestimentos e acabamentos da Am\u00e9rica Latina, tornou-se o principal ponto de encontro dos profissionais de revendas, construtoras, arquitetura e design de interiores.<\/p>\n\n\n\n<p>Junte-se a n\u00f3s, nos dias 19 a 22\u00a0 de mar\u00e7o das 10h \u00e0s 19h, somente no dia 22 das 10h \u00e0s 17h, no pavilh\u00e3o S\u00e3o Paulo Expo.<\/p>\n\n\n\n<p>Rod. dos Imigrantes, km 1,5<br>Vila \u00c1gua Funda, CEP: 04329-900<br>S\u00e3o Paulo\/ SP, Brasil.<\/p>\n","protected":false},"excerpt":{"rendered":"<p>Com trajet\u00f3ria de mais de 20 anos, a maior feira de revestimentos e acabamentos da Am\u00e9rica Latina, tornou-se o principal ponto de encontro dos profissionais de revendas, construtoras, arquitetura e design de interiores. Junte-se a n\u00f3s, nos dias 19 a 22\u00a0 de mar\u00e7o das 10h \u00e0s 19h, somente no dia 22 das 10h \u00e0s 17h, [&hellip;]<\/p>\n","protected":false},"author":2,"featured_media":950,"comment_status":"open","ping_status":"open","sticky":false,"template":"","format":"standard","meta":{"footnotes":""},"categories":[25],"tags":[],"class_list":{"0":"post-948","1":"post","2":"type-post","3":"status-publish","4":"format-standard","5":"has-post-thumbnail","7":"category-calendariodeeventos"},"_links":{"self":[{"href":"https:\/\/tveventos.tv.br\/index.php?rest_route=\/wp\/v2\/posts\/948","targetHints":{"allow":["GET"]}}],"collection":[{"href":"https:\/\/tveventos.tv.br\/index.php?rest_route=\/wp\/v2\/posts"}],"about":[{"href":"https:\/\/tveventos.tv.br\/index.php?rest_route=\/wp\/v2\/types\/post"}],"author":[{"embeddable":true,"href":"https:\/\/tveventos.tv.br\/index.php?rest_route=\/wp\/v2\/users\/2"}],"replies":[{"embeddable":true,"href":"https:\/\/tveventos.tv.br\/index.php?rest_route=%2Fwp%2Fv2%2Fcomments&post=948"}],"version-history":[{"count":1,"href":"https:\/\/tveventos.tv.br\/index.php?rest_route=\/wp\/v2\/posts\/948\/revisions"}],"predecessor-version":[{"id":951,"href":"https:\/\/tveventos.tv.br\/index.php?rest_route=\/wp\/v2\/posts\/948\/revisions\/951"}],"wp:featuredmedia":[{"embeddable":true,"href":"https:\/\/tveventos.tv.br\/index.php?rest_route=\/wp\/v2\/media\/950"}],"wp:attachment":[{"href":"https:\/\/tveventos.tv.br\/index.php?rest_route=%2Fwp%2Fv2%2Fmedia&parent=948"}],"wp:term":[{"taxonomy":"category","embeddable":true,"href":"https:\/\/tveventos.tv.br\/index.php?rest_route=%2Fwp%2Fv2%2Fcategories&post=948"},{"taxonomy":"post_tag","embeddable":true,"href":"https:\/\/tveventos.tv.br\/index.php?rest_route=%2Fwp%2Fv2%2Ftags&post=948"}],"curies":[{"name":"wp","href":"https:\/\/api.w.org\/{rel}","templated":true}]}}