{"id":957,"date":"2024-03-13T18:07:17","date_gmt":"2024-03-13T21:07:17","guid":{"rendered":"https:\/\/tveventos.tv.br\/?p=957"},"modified":"2024-03-13T18:07:22","modified_gmt":"2024-03-13T21:07:22","slug":"novidades-em-implementos-hidraulicos-estarao-em-destaque-na-mt-expo","status":"publish","type":"post","link":"https:\/\/tveventos.tv.br\/?p=957","title":{"rendered":"Novidades em implementos hidr\u00e1ulicos estar\u00e3o em destaque na M&#038;T Expo"},"content":{"rendered":"\n<p class=\"has-text-align-center\"><em>Feira contar\u00e1 ainda com lan\u00e7amentos em m\u00e1quinas nas \u00e1reas de linha amarela, concreto e asfalto, eleva\u00e7\u00e3o de cargas e pessoas e em pe\u00e7as, componentes e servi\u00e7os<\/em><\/p>\n\n\n\n<p>As escavadeiras hidr\u00e1ulicas s\u00e3o equipamentos vers\u00e1teis, sendo utilizados em diferentes aplica\u00e7\u00f5es. Ao receber implementos hidr\u00e1ulicos, essas m\u00e1quinas podem atender aos diversos desafios em opera\u00e7\u00f5es de demoli\u00e7\u00e3o, reciclagem, minera\u00e7\u00e3o, compacta\u00e7\u00e3o de solo, separa\u00e7\u00e3o de sucata, al\u00e9m da escava\u00e7\u00e3o e do movimento de terra. Para conhecer as novidades da \u00e1rea, a\u00a0<strong>M&amp;T Expo \u2013 part of bauma NETWORK, principal feira de m\u00e1quinas e equipamentos para constru\u00e7\u00e3o e minera\u00e7\u00e3o da Am\u00e9rica Latina\u00a0<\/strong>reunir\u00e1 importantes marcas do setor, como a AGF, AJCE Brasil, CHB, FB Equipamentos, HFX Equipamentos, Indeco, ITR, Machbert, MB Crusher, RHK Implementos, Rock Brit e Roder Equipamentos e M\u00e1quinas, de\u00a0<strong>23 a 26 de abril de 2024,\u00a0<\/strong>no\u00a0<strong>S\u00e3o Paulo Expo<\/strong>.<\/p>\n\n\n\n<p>Os visitantes da&nbsp;<strong>M&amp;T Expo<\/strong>&nbsp;poder\u00e3o acompanhar os lan\u00e7amentos em rompedores hidr\u00e1ulicos, tesouras de corte e sucata de demoli\u00e7\u00e3o, arrasador de estacas, fresadoras, ca\u00e7ambas britadoras, martelos hidr\u00e1ulicos, compactadores, trituradores hidr\u00e1ulicos, pin\u00e7as, bra\u00e7os, corta-trilhos, garras, pulverizadores, placas hidro magn\u00e9ticas, que contribuir\u00e3o para uma opera\u00e7\u00e3o produtiva, eficiente e segura das escavadeiras hidr\u00e1ulicas.<\/p>\n\n\n\n<p>O Estudo Sobratema do Mercado Brasileiro de Equipamentos para Constru\u00e7\u00e3o estima que, neste ano, as vendas de escavadeiras hidr\u00e1ulicas devem ter um crescimento de 26% ante 2023, com 8,7 mil unidades comercializadas. \u201cEssa proje\u00e7\u00e3o somada \u00e0s boas perspectivas da \u00e1rea de infraestrutura e do mercado imobili\u00e1rio pode influenciar positivamente o mercado de implementos hidr\u00e1ulicos. Nesse sentido, a&nbsp;<strong>M&amp;T Expo<\/strong>&nbsp;mostrar\u00e1 as tecnologias mais assertivas para atender os diferentes projetos\u201d, afirma&nbsp;<strong>Rolf Pickert<\/strong>, CEO da Messe Muenchen do Brasil, promotora da feira, que tem o apoio institucional da Associa\u00e7\u00e3o Brasileira da Tecnologia para Constru\u00e7\u00e3o e Minera\u00e7\u00e3o (<strong>Sobratema<\/strong>).<\/p>\n\n\n\n<p>O evento deve receber 35 mil visitantes do Brasil e do exterior, compostos por diretores, gerentes, engenheiros e profissionais de construtoras, mineradoras, ind\u00fastrias, transportadoras, locadoras at\u00e9 investidores, autoridades e representantes de institui\u00e7\u00f5es municipais, estaduais e federais respons\u00e1veis pelas obras, que poder\u00e3o conhecer tamb\u00e9m lan\u00e7amentos de m\u00e1quinas com tecnologia embarcada e inova\u00e7\u00f5es dos principais fabricantes de m\u00e1quinas da linha amarela, de concreto e asfalto e de eleva\u00e7\u00e3o de cargas e pessoas. As ind\u00fastrias de pe\u00e7as e componentes e fornecedores de servi\u00e7os mostrar\u00e3o tamb\u00e9m suas novidades. Para acompanhar a feira, \u00e9 s\u00f3 realizar o credenciamento&nbsp;<a href=\"https:\/\/sigevent.pro\/mtexpo\/visitantes\/index.php?id_edicao=133&amp;linguagem=portugues&amp;id_categoria=\" target=\"_blank\" rel=\"noreferrer noopener\">neste link<\/a>.<\/p>\n\n\n\n<p>Outras atra\u00e7\u00f5es da\u00a0<strong>M&amp;T Expo \u2013 part of bauma NETWORK\u00a0<\/strong>s\u00e3o a\u00a0<strong>Arena de Demonstra\u00e7\u00e3o<\/strong>, com m\u00e1quinas dos expositores em opera\u00e7\u00e3o em tempo real, uma s\u00e9rie de atividades de conte\u00fado, cursos gratuitos para treinamento de operadores, o\u00a0<strong>Pr\u00eamio Mais Sustent\u00e1vel by M&amp;T Expo<\/strong>, que reconhecer\u00e1 pr\u00e1ticas respons\u00e1veis no setor de feiras de neg\u00f3cios e destacar\u00e1 os expositores que adotam solu\u00e7\u00f5es inovadoras, o\u00a0<strong>M&amp;T Expo Capacita<\/strong>, em parceria com a\u00a0<strong>3x Mais Treinamentos<\/strong>, a\u00a0<strong>APELMAT<\/strong>\u00a0(Associa\u00e7\u00e3o Paulista dos Empreiteiros e Locadores de M\u00e1quinas de Terraplenagem, Ar Comprimido, Hidr\u00e1ulico e Equipamentos de Constru\u00e7\u00e3o Civil) e\u00a0<strong>Instituto Opus<\/strong>, que oferece descontos em cursos profissionalizantes para expositores e visitantes, o\u00a0<strong>Curso de Operadores de M\u00e1quinas<\/strong>, tamb\u00e9m em parceria com a\u00a0<strong>APELMAT,<\/strong>\u00a0com aulas pr\u00e1ticas e te\u00f3ricas gratuitas durante o evento, \u00a0e o\u00a0<strong>Museu de M\u00e1quinas do Brasil<\/strong>, atra\u00e7\u00e3o in\u00e9dita no pa\u00eds.<\/p>\n\n\n\n<p>Em termos de conte\u00fado, a M&amp;T Expo ser\u00e1 palco novamente do&nbsp;<strong>Congresso Nacional de Valoriza\u00e7\u00e3o do Rental<\/strong>, uma iniciativa da&nbsp;<strong>ANALOC<\/strong>&nbsp;(Associa\u00e7\u00e3o Brasileira dos Sindicatos e Associa\u00e7\u00f5es Representantes dos Locadores de Equipamentos, M\u00e1quinas e Ferramenta), do&nbsp;<strong>Semin\u00e1rio de Minera\u00e7\u00e3o de Agregados<\/strong>, em parceria com a&nbsp;<strong>ANEPAC<\/strong>&nbsp;(Associa\u00e7\u00e3o Nacional das Entidades de Produtores de Agregados para Constru\u00e7\u00e3o), a&nbsp;<strong>CSCM-ABIMAQ<\/strong>&nbsp;(C\u00e2mara Setorial de M\u00e1quinas e Equipamentos para Minera\u00e7\u00e3o e Cimento da&nbsp; Associa\u00e7\u00e3o Brasileira da Ind\u00fastria de M\u00e1quinas e Equipamentos) e&nbsp;<strong>Revista Brasil Mineral;&nbsp;<\/strong>o&nbsp;<strong>F\u00f3rum \u201cESG na Constru\u00e7\u00e3o e Minera\u00e7\u00e3o \u2013 As melhores pr\u00e1ticas para a sustentabilidade aliada \u00e0 competitividade\u201d,<\/strong>&nbsp;em parceria com os portais de not\u00edcias&nbsp;<strong>Conex\u00e3o Mineral<\/strong>&nbsp;e&nbsp;<strong>Conex\u00e3o Constru\u00e7\u00e3o<\/strong>, com patroc\u00ednio diamante da&nbsp;<a href=\"https:\/\/hexagon.com\/pt\/company\/divisions\/mining\" target=\"_blank\" rel=\"noreferrer noopener\">Hexagon<\/a>&nbsp;e&nbsp;<a href=\"https:\/\/www.metso.com\/pt\/\" target=\"_blank\" rel=\"noreferrer noopener\">Metso<\/a>&nbsp;e patroc\u00ednio ouro da Dorf Ketal;&nbsp;<strong>ABRASFE TecTalks<\/strong>, da Associa\u00e7\u00e3o Brasileira de F\u00f4rmas, Escoramentos e Acesso,<strong>&nbsp;Simp\u00f3sio VDMA<\/strong>, da Associa\u00e7\u00e3o Alem\u00e3 de Fabricantes de M\u00e1quinas e Instala\u00e7\u00f5es Industriais, o&nbsp;<strong>F\u00f3rum de Infraestrutura e Modal<\/strong>, promovido pelo&nbsp;<strong>Instituto de Engenharia<\/strong>&nbsp;e o&nbsp;<strong>Industry4Her<\/strong>, com destaque para mulheres refer\u00eancias no setor da infraestrutura para tratar sobre transforma\u00e7\u00e3o digital, inova\u00e7\u00e3o e sustentabilidade no ramo da constru\u00e7\u00e3o e da minera\u00e7\u00e3o, realizado pelo&nbsp;<strong>Industry4Her<\/strong>&nbsp;e&nbsp;<strong>VDI-Brasil<\/strong>&nbsp;(Associa\u00e7\u00e3o de Engenheiros Brasil-Alemanha).<\/p>\n\n\n\n<p>Saiba mais sobre a M&amp;T Expo:&nbsp;<a href=\"https:\/\/www.mtexpo.com.br\/\" target=\"_blank\" rel=\"noreferrer noopener\">https:\/\/www.mtexpo.com.br\/<\/a><\/p>\n\n\n\n<p><strong>Servi\u00e7o<br><\/strong><strong>Data:<\/strong>&nbsp;23 a 26 de abril de 2024<br><strong>Hor\u00e1rio:<\/strong>&nbsp;13h \u00e0s 20h<br><strong>Local:<\/strong>&nbsp;S\u00e3o Paulo Expo, SP<br><strong>Credenciamento gratuito:&nbsp;<\/strong><a href=\"https:\/\/www.mtexpo.com.br\/credenciamento\" target=\"_blank\" rel=\"noreferrer noopener\">https:\/\/www.mtexpo.com.br\/credenciamento<\/a><br><strong>Expositores confirmados:<\/strong>&nbsp;<a href=\"https:\/\/vitrinedenegocios.mtexpo.com.br\/event\/mt-expo\/exhibitors\" target=\"_blank\" rel=\"noreferrer noopener\">https:\/\/vitrinedenegocios.mtexpo.com.br\/event\/mt-expo\/exhibitors<\/a><\/p>\n\n\n\n<p><strong>Sobre a Messe M\u00fcnchen<\/strong><\/p>\n\n\n\n<p>Como uma das maiores empresas de feiras do mundo, com cerca de 50 feiras de bens de capital, bens de consumo e novas tecnologias, a Messe M\u00fcnchen estabelece novos padr\u00f5es para inova\u00e7\u00e3o, flexibilidade e networking. Juntamente com as principais feiras internacionais, como bauma, electronica, IFAT e BAU, a Messe M\u00fcnchen est\u00e1 constantemente expandindo seu portf\u00f3lio, adicionando, por exemplo, formatos digitais. Em sua sede em Munique, realiza feiras, confer\u00eancias e eventos de alta qualidade. Atua em todos os importantes mercados em crescimento, como a China, \u00cdndia, Brasil e Turquia. Com sua rede de empresas associadas e ag\u00eancias estrangeiras, est\u00e1 presente em mais de 100 pa\u00edses.<\/p>\n\n\n\n<p><strong>Sobre a Messe&nbsp;Muenchen&nbsp;do Brasil<\/strong>&nbsp;<\/p>\n\n\n\n<p>Como parte da estrat\u00e9gia de expans\u00e3o internacional, em 2017 foi fundada a subsidi\u00e1ria Messe Muenchen do Brasil com o prop\u00f3sito de trazer para o mercado nacional os n\u00edveis de excel\u00eancia e inova\u00e7\u00e3o estabelecidos na sede da Alemanha e apoiar o desenvolvimento de feiras de neg\u00f3cios em uma dire\u00e7\u00e3o especializada e internacionalizada.<\/p>\n\n\n\n<p><strong>Sobre a Sobratema<\/strong><\/p>\n\n\n\n<p>A Associa\u00e7\u00e3o Brasileira de Tecnologia para Constru\u00e7\u00e3o e Minera\u00e7\u00e3o (Sobratema) atua h\u00e1 mais de 34 anos na gera\u00e7\u00e3o de neg\u00f3cios e no desenvolvimento dos setores da constru\u00e7\u00e3o, minera\u00e7\u00e3o, rental, agroneg\u00f3cio e sustentabilidade do meio ambiente. Com mais de 600 associados, os programas da entidade contemplam diferente aspectos desses segmentos, incluindo a dissemina\u00e7\u00e3o de conte\u00fado qualificado e in\u00e9dito sobre o mercado, a divulga\u00e7\u00e3o de conhecimento t\u00e9cnico e tecnol\u00f3gico, a intera\u00e7\u00e3o entre os profissionais do setor, o oferecimento de ferramentas estrat\u00e9gicas usadas nesses segmentos, o interc\u00e2mbio com tecnologias inovadoras internacionais e a capacita\u00e7\u00e3o e certifica\u00e7\u00e3o profissional.<\/p>\n\n\n\n<p><\/p>\n","protected":false},"excerpt":{"rendered":"<p>Feira contar\u00e1 ainda com lan\u00e7amentos em m\u00e1quinas nas \u00e1reas de linha amarela, concreto e asfalto, eleva\u00e7\u00e3o de cargas e pessoas e em pe\u00e7as, componentes e servi\u00e7os As escavadeiras hidr\u00e1ulicas s\u00e3o equipamentos vers\u00e1teis, sendo utilizados em diferentes aplica\u00e7\u00f5es. Ao receber implementos hidr\u00e1ulicos, essas m\u00e1quinas podem atender aos diversos desafios em opera\u00e7\u00f5es de demoli\u00e7\u00e3o, reciclagem, minera\u00e7\u00e3o, compacta\u00e7\u00e3o [&hellip;]<\/p>\n","protected":false},"author":2,"featured_media":958,"comment_status":"open","ping_status":"open","sticky":false,"template":"","format":"standard","meta":{"footnotes":""},"categories":[1],"tags":[],"class_list":{"0":"post-957","1":"post","2":"type-post","3":"status-publish","4":"format-standard","5":"has-post-thumbnail","7":"category-workshopsepalestras"},"_links":{"self":[{"href":"https:\/\/tveventos.tv.br\/index.php?rest_route=\/wp\/v2\/posts\/957","targetHints":{"allow":["GET"]}}],"collection":[{"href":"https:\/\/tveventos.tv.br\/index.php?rest_route=\/wp\/v2\/posts"}],"about":[{"href":"https:\/\/tveventos.tv.br\/index.php?rest_route=\/wp\/v2\/types\/post"}],"author":[{"embeddable":true,"href":"https:\/\/tveventos.tv.br\/index.php?rest_route=\/wp\/v2\/users\/2"}],"replies":[{"embeddable":true,"href":"https:\/\/tveventos.tv.br\/index.php?rest_route=%2Fwp%2Fv2%2Fcomments&post=957"}],"version-history":[{"count":1,"href":"https:\/\/tveventos.tv.br\/index.php?rest_route=\/wp\/v2\/posts\/957\/revisions"}],"predecessor-version":[{"id":959,"href":"https:\/\/tveventos.tv.br\/index.php?rest_route=\/wp\/v2\/posts\/957\/revisions\/959"}],"wp:featuredmedia":[{"embeddable":true,"href":"https:\/\/tveventos.tv.br\/index.php?rest_route=\/wp\/v2\/media\/958"}],"wp:attachment":[{"href":"https:\/\/tveventos.tv.br\/index.php?rest_route=%2Fwp%2Fv2%2Fmedia&parent=957"}],"wp:term":[{"taxonomy":"category","embeddable":true,"href":"https:\/\/tveventos.tv.br\/index.php?rest_route=%2Fwp%2Fv2%2Fcategories&post=957"},{"taxonomy":"post_tag","embeddable":true,"href":"https:\/\/tveventos.tv.br\/index.php?rest_route=%2Fwp%2Fv2%2Ftags&post=957"}],"curies":[{"name":"wp","href":"https:\/\/api.w.org\/{rel}","templated":true}]}}