{"id":964,"date":"2024-03-14T12:06:49","date_gmt":"2024-03-14T15:06:49","guid":{"rendered":"https:\/\/tveventos.tv.br\/?p=964"},"modified":"2024-03-14T12:06:54","modified_gmt":"2024-03-14T15:06:54","slug":"haus-decor-show-estreia-pavilhao-de-iluminacao-na-edicao-de-2024","status":"publish","type":"post","link":"https:\/\/tveventos.tv.br\/?p=964","title":{"rendered":"Haus Decor Show estreia pavilh\u00e3o de ilumina\u00e7\u00e3o na edi\u00e7\u00e3o de 2024"},"content":{"rendered":"\n<p class=\"has-text-align-center\"><em>Feira voltada aos setores de arquitetura, design de interiores e constru\u00e7\u00e3o ser\u00e1 realizada entre os dias 19 e 22 de mar\u00e7o no S\u00e3o Paulo Expo<\/em><\/p>\n\n\n\n<p>A Haus Decor Show, feira que apresenta as principais inova\u00e7\u00f5es e tend\u00eancias nas \u00e1reas de tintas e vernizes, refrigera\u00e7\u00e3o, automa\u00e7\u00e3o residencial e ilumina\u00e7\u00e3o, est\u00e1 pronta para reabrir as portas de 19 a 22 de mar\u00e7o, no S\u00e3o Paulo Expo, na capital paulista. Em sua segunda edi\u00e7\u00e3o, o evento j\u00e1 traz uma grande novidade: um pavilh\u00e3o exclusivo de ilumina\u00e7\u00e3o, que promete inspirar os profissionais do setor.<\/p>\n\n\n\n<p>Com a participa\u00e7\u00e3o de 25 expositores especializados em ilumina\u00e7\u00e3o criativa, o novo espa\u00e7o receber\u00e1 um ciclo de palestras com grandes nomes do setor nos dias 20 e 21. Os parceiros s\u00e3o LEDforum na realiza\u00e7\u00e3o do pavilh\u00e3o e revista L+D na curadoria de conte\u00fado.<\/p>\n\n\n\n<p>\u201cA Haus Decor Show \u00e9 uma feira nova, realizada simultaneamente \u00e0 Expo Revestir, a maior de revestimentos e acabamentos da Am\u00e9rica Latina. Ela otimiza o tempo do visitante, que pode encontrar todas as solu\u00e7\u00f5es em um s\u00f3 lugar\u201d, explica Alexandre Brown, Diretor do Portf\u00f3lio de Constru\u00e7\u00e3o da N\u00fcrnbergMesse Brasil, promotora do evento. Ele comemora o crescimento do encontro de neg\u00f3cios do seu primeiro para o segundo ano e aposta no sucesso da feira em 2024.<\/p>\n\n\n\n<p>Na estreia, a Haus Decor Show atraiu quase 40 mil visitantes. \u201cPercebemos um interesse muito grande das pessoas na \u00e1rea de ilumina\u00e7\u00e3o. Por isso, este ano resolvemos investir em um pavilh\u00e3o exclusivo. A expectativa \u00e9 que, com essa e outras inova\u00e7\u00f5es, o evento se consolide no calend\u00e1rio nacional\u201d, acrescenta Brown.<\/p>\n\n\n\n<p><strong>Servi\u00e7o:<\/strong><\/p>\n\n\n\n<p><strong>Haus Decor Show<\/strong><\/p>\n\n\n\n<p>Data: 19 a 22 de mar\u00e7o<br>Hor\u00e1rio: das 10h \u00e0s 19h (nos dias 19, 20 e 21 de mar\u00e7o) e das 10h \u00e0s 17h (no dia<br>22 de mar\u00e7o)<br>Local: S\u00e3o Paulo Expo<br>Endere\u00e7o: Rodovia dos Imigrantes, 1,5 km &#8211; Vila \u00c1gua Funda, S\u00e3o Paulo\/ SP<br>Mais informa\u00e7\u00f5es:&nbsp;<a href=\"https:\/\/home.hausdecorshow.com.br\/\" target=\"_blank\" rel=\"noreferrer noopener\">https:\/\/home.hausdecorshow.com.br\/<\/a>.<\/p>\n","protected":false},"excerpt":{"rendered":"<p>Feira voltada aos setores de arquitetura, design de interiores e constru\u00e7\u00e3o ser\u00e1 realizada entre os dias 19 e 22 de mar\u00e7o no S\u00e3o Paulo Expo A Haus Decor Show, feira que apresenta as principais inova\u00e7\u00f5es e tend\u00eancias nas \u00e1reas de tintas e vernizes, refrigera\u00e7\u00e3o, automa\u00e7\u00e3o residencial e ilumina\u00e7\u00e3o, est\u00e1 pronta para reabrir as portas de [&hellip;]<\/p>\n","protected":false},"author":2,"featured_media":965,"comment_status":"open","ping_status":"open","sticky":false,"template":"","format":"standard","meta":{"footnotes":""},"categories":[1],"tags":[],"class_list":{"0":"post-964","1":"post","2":"type-post","3":"status-publish","4":"format-standard","5":"has-post-thumbnail","7":"category-workshopsepalestras"},"_links":{"self":[{"href":"https:\/\/tveventos.tv.br\/index.php?rest_route=\/wp\/v2\/posts\/964","targetHints":{"allow":["GET"]}}],"collection":[{"href":"https:\/\/tveventos.tv.br\/index.php?rest_route=\/wp\/v2\/posts"}],"about":[{"href":"https:\/\/tveventos.tv.br\/index.php?rest_route=\/wp\/v2\/types\/post"}],"author":[{"embeddable":true,"href":"https:\/\/tveventos.tv.br\/index.php?rest_route=\/wp\/v2\/users\/2"}],"replies":[{"embeddable":true,"href":"https:\/\/tveventos.tv.br\/index.php?rest_route=%2Fwp%2Fv2%2Fcomments&post=964"}],"version-history":[{"count":1,"href":"https:\/\/tveventos.tv.br\/index.php?rest_route=\/wp\/v2\/posts\/964\/revisions"}],"predecessor-version":[{"id":966,"href":"https:\/\/tveventos.tv.br\/index.php?rest_route=\/wp\/v2\/posts\/964\/revisions\/966"}],"wp:featuredmedia":[{"embeddable":true,"href":"https:\/\/tveventos.tv.br\/index.php?rest_route=\/wp\/v2\/media\/965"}],"wp:attachment":[{"href":"https:\/\/tveventos.tv.br\/index.php?rest_route=%2Fwp%2Fv2%2Fmedia&parent=964"}],"wp:term":[{"taxonomy":"category","embeddable":true,"href":"https:\/\/tveventos.tv.br\/index.php?rest_route=%2Fwp%2Fv2%2Fcategories&post=964"},{"taxonomy":"post_tag","embeddable":true,"href":"https:\/\/tveventos.tv.br\/index.php?rest_route=%2Fwp%2Fv2%2Ftags&post=964"}],"curies":[{"name":"wp","href":"https:\/\/api.w.org\/{rel}","templated":true}]}}