{"id":968,"date":"2024-03-15T15:47:46","date_gmt":"2024-03-15T18:47:46","guid":{"rendered":"https:\/\/tveventos.tv.br\/?p=968"},"modified":"2024-03-15T15:47:49","modified_gmt":"2024-03-15T18:47:49","slug":"conectividade-design-e-alta-tecnologia-confira-os-destaques-em-metais-e-solucoes-para-areas-gourmet","status":"publish","type":"post","link":"https:\/\/tveventos.tv.br\/?p=968","title":{"rendered":"Conectividade, design\u00a0e alta tecnologia: confira os destaques em metais e solu\u00e7\u00f5es para \u00e1reas gourmet\u00a0"},"content":{"rendered":"\n<p class=\"has-text-align-center\">Confira alguns dos lan\u00e7amentos que estar\u00e3o presentes nesta edi\u00e7\u00e3o:<\/p>\n\n\n\n<p>As marcas est\u00e3o prontas para surpreender com seus lan\u00e7amentos. Neste ano, elas expandem seus portf\u00f3lios, apresentando produtos com design premium agregado a materiais de qualidade, al\u00e9m de entregar ainda mais tecnologia em seus lan\u00e7amentos. Prepare-se para ambientes cada vez mais inteligente e conectados, repleto de solu\u00e7\u00f5es exclusivas, automa\u00e7\u00e3o avan\u00e7ada e conceitos inovadores.<\/p>\n\n\n\n<p><strong>Design aliado a conectividade s\u00e3o apostas da Tramontina na 22\u00aa Expo Revestir<\/strong><\/p>\n\n\n\n<figure class=\"wp-block-image size-full\"><img loading=\"lazy\" decoding=\"async\" width=\"261\" height=\"171\" src=\"https:\/\/tveventos.tv.br\/wp-content\/uploads\/2024\/03\/image-21.png\" alt=\"\" class=\"wp-image-970\" srcset=\"https:\/\/tveventos.tv.br\/wp-content\/uploads\/2024\/03\/image-21.png 261w, https:\/\/tveventos.tv.br\/wp-content\/uploads\/2024\/03\/image-21-150x98.png 150w\" sizes=\"auto, (max-width: 261px) 100vw, 261px\" \/><\/figure>\n\n\n\n<p>Para a edi\u00e7\u00e3o de 2024, estande da marca traz parcerias renomadas e adota tema &#8220;Cozinha \u00e9 sempre lugar de amor\u201d.<\/p>\n\n\n\n<p><strong>Kohler reafirma atributos institucionais durante participa\u00e7\u00e3o na Expo Revestir<\/strong><\/p>\n\n\n\n<figure class=\"wp-block-image size-full\"><img loading=\"lazy\" decoding=\"async\" width=\"261\" height=\"171\" src=\"https:\/\/tveventos.tv.br\/wp-content\/uploads\/2024\/03\/image-22.png\" alt=\"\" class=\"wp-image-971\" srcset=\"https:\/\/tveventos.tv.br\/wp-content\/uploads\/2024\/03\/image-22.png 261w, https:\/\/tveventos.tv.br\/wp-content\/uploads\/2024\/03\/image-22-150x98.png 150w\" sizes=\"auto, (max-width: 261px) 100vw, 261px\" \/><\/figure>\n\n\n\n<p>A gigante norte americana prioriza seu compromisso com o mercado brasileiro, refor\u00e7a seus planos de expans\u00e3o e apresenta produtos inovadores.<\/p>\n\n\n\n<p><strong>Grupo Elettromec participa da 22\u00aa edi\u00e7\u00e3o da Expo Revestir<\/strong><\/p>\n\n\n\n<figure class=\"wp-block-image size-full\"><img loading=\"lazy\" decoding=\"async\" width=\"261\" height=\"171\" src=\"https:\/\/tveventos.tv.br\/wp-content\/uploads\/2024\/03\/image-23.png\" alt=\"\" class=\"wp-image-972\" srcset=\"https:\/\/tveventos.tv.br\/wp-content\/uploads\/2024\/03\/image-23.png 261w, https:\/\/tveventos.tv.br\/wp-content\/uploads\/2024\/03\/image-23-150x98.png 150w\" sizes=\"auto, (max-width: 261px) 100vw, 261px\" \/><\/figure>\n\n\n\n<p>Grandes novidades far\u00e3o parte do estande das marcas do grupo durante a maior feira de revestimentos da Am\u00e9rica Latina, que acontece em mar\u00e7o, no S\u00e3o Paulo Expo.<\/p>\n\n\n\n<p><strong>Fani Metais celebra a brasilidade em parceria com designers renomados na Expo Revestir 2024<\/strong><\/p>\n\n\n\n<figure class=\"wp-block-image size-full\"><img loading=\"lazy\" decoding=\"async\" width=\"261\" height=\"171\" src=\"https:\/\/tveventos.tv.br\/wp-content\/uploads\/2024\/03\/image-24.png\" alt=\"\" class=\"wp-image-973\" srcset=\"https:\/\/tveventos.tv.br\/wp-content\/uploads\/2024\/03\/image-24.png 261w, https:\/\/tveventos.tv.br\/wp-content\/uploads\/2024\/03\/image-24-150x98.png 150w\" sizes=\"auto, (max-width: 261px) 100vw, 261px\" \/><\/figure>\n\n\n\n<p>Cinco designers v\u00e3o representar as regi\u00f5es do Brasil na cria\u00e7\u00e3o de metais e acess\u00f3rios exclusivos para a marca, que tamb\u00e9m prepara outras novidades.<\/p>\n\n\n\n<p><strong>A linha em destaque da Docol \u00e9 a Doc Vox, monocomando acionado por comando de voz<\/strong><\/p>\n\n\n\n<figure class=\"wp-block-image size-full\"><img loading=\"lazy\" decoding=\"async\" width=\"301\" height=\"184\" src=\"https:\/\/tveventos.tv.br\/wp-content\/uploads\/2024\/03\/image-25.png\" alt=\"\" class=\"wp-image-974\" srcset=\"https:\/\/tveventos.tv.br\/wp-content\/uploads\/2024\/03\/image-25.png 301w, https:\/\/tveventos.tv.br\/wp-content\/uploads\/2024\/03\/image-25-150x92.png 150w\" sizes=\"auto, (max-width: 301px) 100vw, 301px\" \/><\/figure>\n\n\n\n<p>Proporciona praticidade e efici\u00eancia. Com design inovador e tecnologia exclusiva da Docol no pa\u00eds, permite uma intera\u00e7\u00e3o intuitiva com a \u00e1gua.<\/p>\n\n\n\n<p><strong>DeBacco trar\u00e1 novidades imperd\u00edveis em sua linha eletros<\/strong><\/p>\n\n\n\n<figure class=\"wp-block-image size-full\"><img loading=\"lazy\" decoding=\"async\" width=\"261\" height=\"171\" src=\"https:\/\/tveventos.tv.br\/wp-content\/uploads\/2024\/03\/image-26.png\" alt=\"\" class=\"wp-image-975\" srcset=\"https:\/\/tveventos.tv.br\/wp-content\/uploads\/2024\/03\/image-26.png 261w, https:\/\/tveventos.tv.br\/wp-content\/uploads\/2024\/03\/image-26-150x98.png 150w\" sizes=\"auto, (max-width: 261px) 100vw, 261px\" \/><\/figure>\n\n\n\n<p>Explore as novidades repletas de sofistica\u00e7\u00e3o e tecnologia, em sua nova linha de produtos, que une design impec\u00e1vel e tecnologia de ponta.<\/p>\n\n\n\n<p><strong>Astra leva seguran\u00e7a e acessibilidade \u00e0 Expo Revestir 2024<\/strong><\/p>\n\n\n\n<figure class=\"wp-block-image size-full\"><img loading=\"lazy\" decoding=\"async\" width=\"261\" height=\"171\" src=\"https:\/\/tveventos.tv.br\/wp-content\/uploads\/2024\/03\/image-27.png\" alt=\"\" class=\"wp-image-976\" srcset=\"https:\/\/tveventos.tv.br\/wp-content\/uploads\/2024\/03\/image-27.png 261w, https:\/\/tveventos.tv.br\/wp-content\/uploads\/2024\/03\/image-27-150x98.png 150w\" sizes=\"auto, (max-width: 261px) 100vw, 261px\" \/><\/figure>\n\n\n\n<p>Visitantes ter\u00e3o a oportunidade de conhecer, al\u00e9m das novidades da marca, uma linha completa de acessibilidade em um banheiro adaptado pensado pelo arquiteto Rodrigo Ohtake e o designer Oswaldo Mellone.<\/p>\n\n\n\n<p><strong>Expo Revestir 2024<br>De 19 a 22 de mar\u00e7o<br>S\u00e3o Paulo Expo &#8211; Rod. do Imigrantes 1,5 km<\/strong>.<\/p>\n","protected":false},"excerpt":{"rendered":"<p>Confira alguns dos lan\u00e7amentos que estar\u00e3o presentes nesta edi\u00e7\u00e3o: As marcas est\u00e3o prontas para surpreender com seus lan\u00e7amentos. Neste ano, elas expandem seus portf\u00f3lios, apresentando produtos com design premium agregado a materiais de qualidade, al\u00e9m de entregar ainda mais tecnologia em seus lan\u00e7amentos. Prepare-se para ambientes cada vez mais inteligente e conectados, repleto de solu\u00e7\u00f5es [&hellip;]<\/p>\n","protected":false},"author":2,"featured_media":977,"comment_status":"open","ping_status":"open","sticky":false,"template":"","format":"standard","meta":{"footnotes":""},"categories":[1],"tags":[],"class_list":{"0":"post-968","1":"post","2":"type-post","3":"status-publish","4":"format-standard","5":"has-post-thumbnail","7":"category-workshopsepalestras"},"_links":{"self":[{"href":"https:\/\/tveventos.tv.br\/index.php?rest_route=\/wp\/v2\/posts\/968","targetHints":{"allow":["GET"]}}],"collection":[{"href":"https:\/\/tveventos.tv.br\/index.php?rest_route=\/wp\/v2\/posts"}],"about":[{"href":"https:\/\/tveventos.tv.br\/index.php?rest_route=\/wp\/v2\/types\/post"}],"author":[{"embeddable":true,"href":"https:\/\/tveventos.tv.br\/index.php?rest_route=\/wp\/v2\/users\/2"}],"replies":[{"embeddable":true,"href":"https:\/\/tveventos.tv.br\/index.php?rest_route=%2Fwp%2Fv2%2Fcomments&post=968"}],"version-history":[{"count":1,"href":"https:\/\/tveventos.tv.br\/index.php?rest_route=\/wp\/v2\/posts\/968\/revisions"}],"predecessor-version":[{"id":978,"href":"https:\/\/tveventos.tv.br\/index.php?rest_route=\/wp\/v2\/posts\/968\/revisions\/978"}],"wp:featuredmedia":[{"embeddable":true,"href":"https:\/\/tveventos.tv.br\/index.php?rest_route=\/wp\/v2\/media\/977"}],"wp:attachment":[{"href":"https:\/\/tveventos.tv.br\/index.php?rest_route=%2Fwp%2Fv2%2Fmedia&parent=968"}],"wp:term":[{"taxonomy":"category","embeddable":true,"href":"https:\/\/tveventos.tv.br\/index.php?rest_route=%2Fwp%2Fv2%2Fcategories&post=968"},{"taxonomy":"post_tag","embeddable":true,"href":"https:\/\/tveventos.tv.br\/index.php?rest_route=%2Fwp%2Fv2%2Ftags&post=968"}],"curies":[{"name":"wp","href":"https:\/\/api.w.org\/{rel}","templated":true}]}}