{"id":983,"date":"2024-03-15T16:07:06","date_gmt":"2024-03-15T19:07:06","guid":{"rendered":"https:\/\/tveventos.tv.br\/?p=983"},"modified":"2024-03-15T16:10:24","modified_gmt":"2024-03-15T19:10:24","slug":"south-summit-brazil-2024-mercur-apresenta-solucao-de-acessibilidade-no-palco-innovation-stage","status":"publish","type":"post","link":"https:\/\/tveventos.tv.br\/?p=983","title":{"rendered":"South Summit Brazil 2024: Mercur apresenta solu\u00e7\u00e3o de acessibilidade no Palco Innovation Stage"},"content":{"rendered":"\n<p><em>Elevador de transfer\u00eancia de pessoa com defici\u00eancia sens\u00f3rio-motoras foi cocriado com a Unisc e Imply no projeto Inova+Vales<\/em><\/p>\n\n\n\n<p>A Mercur, ind\u00fastria das \u00e1reas da sa\u00fade e educa\u00e7\u00e3o, estar\u00e1 no South Summit Brazil 2024, no Palco RS Innovation Stage, no dia 20 de mar\u00e7o, a partir das 14 horas, em Porto Alegre, para apresentar os processos de cocria\u00e7\u00e3o de um elevador de transfer\u00eancia de pessoa com defici\u00eancia sens\u00f3rio-motoras. O prot\u00f3tipo \u00e9 um subprojeto do Inova+Vales desenvolvido em parceria com a Universidade de Santa Cruz do Sul (UNISC) e a Imply atrav\u00e9s de financiamento do Governo Estadual, por meio da Secretaria de Inova\u00e7\u00e3o, Ci\u00eancia e Tecnologia do Rio Grande do Sul (SICT).&nbsp;<\/p>\n\n\n\n<p>A Mercur, a Imply e a Unisc cocriaram um recurso na \u00e1rea da sa\u00fade que auxilia a pessoa com defici\u00eancia de mobilidade ou sens\u00f3rio-motora na transfer\u00eancia para uma cadeira, cama ou outro espa\u00e7o, sem que ela ou uma pessoa cuidadora se machuque fazendo for\u00e7a excessiva. Juntas trouxeram suas <em>expertises <\/em>para o projeto: a Mercur com a tecnologia de tecidos, o Jeito Mercur de cocriar e conhecimento na \u00e1rea de produtos em sa\u00fade. A Imply com a tecnologia e desenvolvimento de softwares e hardwares para a estrutura\u00e7\u00e3o do elevador. E a Unisc com o conhecimento nas diversas \u00e1reas da sa\u00fade e engenharia e no processo de legitima\u00e7\u00e3o a valida\u00e7\u00e3o em ambiente real.&nbsp;<\/p>\n\n\n\n<p>\u201cNa Mercur trabalhamos com a cocria\u00e7\u00e3o, pois nosso foco \u00e9 fazer com as pessoas. Cada organiza\u00e7\u00e3o entra no trabalho com seus pontos complementares, adicionando habilidades, suporte e tecnologia para tornar a solu\u00e7\u00e3o poss\u00edvel\u201d, explica C\u00e1ssia de Menezes Hoelzel, Head de Inova\u00e7\u00e3o da Mercur.&nbsp;<\/p>\n\n\n\n<p>Nesse processo, o prot\u00f3tipo do elevador passou pela valida\u00e7\u00e3o e legitima\u00e7\u00e3o em ambiente real.&nbsp; \u201cEste projeto agregou experi\u00eancias aos integrantes do projeto, bem como, possibilitou desenvolver um produto inovador, com potencialidade de execu\u00e7\u00e3o comercial. Para al\u00e9m do objetivo priorit\u00e1rio, o prot\u00f3tipo gerado oferece aos envolvidos na a\u00e7\u00e3o (profissionais da sa\u00fade e\/ou cuidadores) melhores condi\u00e7\u00f5es de trabalho, exigindo menor for\u00e7a f\u00edsica e mais seguran\u00e7a, tanto para o paciente, como para os usu\u00e1rios\u201d, comenta Chana de Medeiros da Silva, professora do Curso de Fisioterapia da Unisc.&nbsp;&nbsp;&nbsp;<\/p>\n\n\n\n<p>O objetivo do painel \u00e9 compartilhar e debater uma solu\u00e7\u00e3o cocriada e produzida a partir do contexto local, interagindo, tamb\u00e9m, com participantes da qu\u00e1drupla h\u00e9lice (setor privado, p\u00fablico, universidades e organiza\u00e7\u00f5es da sociedade civil) nacional e internacional. Estar\u00e3o presentes Andreia L\u00facia Gon\u00e7alves da Silva (Unisc), Janine Koepp (Unisc), C\u00e1ssia de Menezes Hoelzel (Mercur) e Klaus Deppermann (Imply). Ao longo de tr\u00eas dias de evento ser\u00e3o realizadas din\u00e2micas diversas com conte\u00fados transversais, contando com a participa\u00e7\u00e3o dos ecossistemas de Inova\u00e7\u00e3o do Estado e do Pa\u00eds.&nbsp;&nbsp;<\/p>\n\n\n\n<p>Para saber mais sobre esta e outras atividades no South Summit Brazil 2024 acesse: <a href=\"https:\/\/www.southsummit.io\/pt\/brazil\/\">https:\/\/www.southsummit.io\/pt\/brazil\/<\/a>.<\/p>\n","protected":false},"excerpt":{"rendered":"<p>Elevador de transfer\u00eancia de pessoa com defici\u00eancia sens\u00f3rio-motoras foi cocriado com a Unisc e Imply no projeto Inova+Vales A Mercur, ind\u00fastria das \u00e1reas da sa\u00fade e educa\u00e7\u00e3o, estar\u00e1 no South Summit Brazil 2024, no Palco RS Innovation Stage, no dia 20 de mar\u00e7o, a partir das 14 horas, em Porto Alegre, para apresentar os processos [&hellip;]<\/p>\n","protected":false},"author":2,"featured_media":985,"comment_status":"open","ping_status":"open","sticky":false,"template":"","format":"standard","meta":{"footnotes":""},"categories":[1],"tags":[],"class_list":{"0":"post-983","1":"post","2":"type-post","3":"status-publish","4":"format-standard","5":"has-post-thumbnail","7":"category-workshopsepalestras"},"_links":{"self":[{"href":"https:\/\/tveventos.tv.br\/index.php?rest_route=\/wp\/v2\/posts\/983","targetHints":{"allow":["GET"]}}],"collection":[{"href":"https:\/\/tveventos.tv.br\/index.php?rest_route=\/wp\/v2\/posts"}],"about":[{"href":"https:\/\/tveventos.tv.br\/index.php?rest_route=\/wp\/v2\/types\/post"}],"author":[{"embeddable":true,"href":"https:\/\/tveventos.tv.br\/index.php?rest_route=\/wp\/v2\/users\/2"}],"replies":[{"embeddable":true,"href":"https:\/\/tveventos.tv.br\/index.php?rest_route=%2Fwp%2Fv2%2Fcomments&post=983"}],"version-history":[{"count":1,"href":"https:\/\/tveventos.tv.br\/index.php?rest_route=\/wp\/v2\/posts\/983\/revisions"}],"predecessor-version":[{"id":984,"href":"https:\/\/tveventos.tv.br\/index.php?rest_route=\/wp\/v2\/posts\/983\/revisions\/984"}],"wp:featuredmedia":[{"embeddable":true,"href":"https:\/\/tveventos.tv.br\/index.php?rest_route=\/wp\/v2\/media\/985"}],"wp:attachment":[{"href":"https:\/\/tveventos.tv.br\/index.php?rest_route=%2Fwp%2Fv2%2Fmedia&parent=983"}],"wp:term":[{"taxonomy":"category","embeddable":true,"href":"https:\/\/tveventos.tv.br\/index.php?rest_route=%2Fwp%2Fv2%2Fcategories&post=983"},{"taxonomy":"post_tag","embeddable":true,"href":"https:\/\/tveventos.tv.br\/index.php?rest_route=%2Fwp%2Fv2%2Ftags&post=983"}],"curies":[{"name":"wp","href":"https:\/\/api.w.org\/{rel}","templated":true}]}}