{"id":987,"date":"2024-03-15T16:29:38","date_gmt":"2024-03-15T19:29:38","guid":{"rendered":"https:\/\/tveventos.tv.br\/?p=987"},"modified":"2024-03-15T16:29:41","modified_gmt":"2024-03-15T19:29:41","slug":"semana-do-consumidor-vtex-day-2024-esta-distribuindo-cupons-de-15-de-desconto-em-ingressos","status":"publish","type":"post","link":"https:\/\/tveventos.tv.br\/?p=987","title":{"rendered":"Semana do consumidor: VTEX DAY 2024 est\u00e1 distribuindo cupons de 15% de desconto em ingressos"},"content":{"rendered":"\n<p><em>Interessados em adquirir as entradas a pre\u00e7o especial podem obter o cupom por meio de a\u00e7\u00e3o no perfil oficial do VTEX DAY no Instagram<\/em><\/p>\n\n\n\n<p>O&nbsp;<a href=\"https:\/\/www.vtexday.com\/\" target=\"_blank\" rel=\"noreferrer noopener\">VTEX DAY<\/a>, um dos maiores eventos de com\u00e9rcio digital do mundo, acaba de anunciar uma a\u00e7\u00e3o especial nesta Semana do Consumidor.<\/p>\n\n\n\n<p>Aqueles que ainda n\u00e3o garantiram ingressos para o evento podem faz\u00ea-lo com desconto de 15%. Para isso, basta acessar o&nbsp;<a href=\"https:\/\/www.instagram.com\/vtexday\/\" target=\"_blank\" rel=\"noreferrer noopener\">perfil do VTEX DAY no Instagram<\/a>&nbsp;e comentar no post da promo\u00e7\u00e3o com um emoji de foguete. A\u00ed \u00e9 s\u00f3 esperar o cupom de desconto que ser\u00e1 enviado por mensagem privada na mesma rede.<\/p>\n\n\n\n<p>A compra dos ingressos \u00e9 realizada exclusivamente pelo site do evento, A Appmax \u00e9 meio oficial de pagamento do &nbsp;VTEX DAY 2024.<\/p>\n\n\n\n<p><strong>VTEX DAY 2024<\/strong><\/p>\n\n\n\n<p>A nova edi\u00e7\u00e3o do evento acontecer\u00e1 nos dias 11 e 12 de abril, no S\u00e3o Paulo Expo, em S\u00e3o Paulo. Este ano, o evento reunir\u00e1 novamente algumas das mais importantes personalidades da ind\u00fastria do Brasil e do mundo, com o objetivo de guiar o mercado para um futuro de efici\u00eancia no com\u00e9rcio digital. O p\u00fablico poder\u00e1 conferir a apresenta\u00e7\u00e3o de solu\u00e7\u00f5es e novidades, trocar conhecimentos e experi\u00eancias, debater tend\u00eancias de mercado e, sobretudo, fazer&nbsp;<em>networking<\/em>.<\/p>\n\n\n\n<p>No primeiro dia, o VTEX DAY receber\u00e1 dois dos maiores nomes da intelig\u00eancia artificial (IA). Uri Levine, cofundador do Waze e autor do livro&nbsp;<em>Apaixone-se pelo problema, n\u00e3o pela solu\u00e7\u00e3o<\/em>, e Zack Kass, ex-diretor de&nbsp;<em>go-to-market<\/em>&nbsp;da OpenAI, detentora do ChatGPT, discutir\u00e3o as principais aplica\u00e7\u00f5es pr\u00e1ticas da IA nas opera\u00e7\u00f5es de com\u00e9rcio.<\/p>\n\n\n\n<p>O VTEX DAY 2024 re\u00fane importantes parceiros na constru\u00e7\u00e3o do futuro do&nbsp;<em>ecommerce<\/em>. Um grupo de empresas que mostra a diversidade e for\u00e7a do ecossistema VTEX no Brasil e no mundo. Confira a lista de todos os patrocinadores&nbsp;<a href=\"https:\/\/vtexday.com\/\" target=\"_blank\" rel=\"noreferrer noopener\">aqui<\/a>. Para obter mais informa\u00e7\u00f5es e acompanhar as novidades do VTEX DAY 2024, acesse&nbsp;<a href=\"http:\/\/www.vtexday.com\/\" target=\"_blank\" rel=\"noreferrer noopener\">www.vtexday.com<\/a>&nbsp;e siga&nbsp;<a href=\"https:\/\/www.instagram.com\/vtexday\/\" target=\"_blank\" rel=\"noreferrer noopener\">@vtexday<\/a>&nbsp;no Instagram.<\/p>\n\n\n\n<h3 class=\"wp-block-heading\">Sobre o VTEX DAY:<\/h3>\n\n\n\n<p>O VTEX DAY \u00e9 um dos maiores eventos de&nbsp;<em>digital commerce<\/em>&nbsp;do mundo. Realizado h\u00e1 14 anos, tem extrema import\u00e2ncia para todo o ecossistema de com\u00e9rcio digital, pois re\u00fane clientes, fornecedores e influenciadores&nbsp;\u2014 os mais importantes nomes do varejo&nbsp;\u2014 para apresentar suas solu\u00e7\u00f5es e novidades, trocar conhecimento, debater tend\u00eancias, fortalecer o networking e adquirir insights, com os quais \u00e9 poss\u00edvel aprimorar os neg\u00f3cios. Em 2023, o VTEX DAY teve a AWS como patrocinadora principal na categoria Pink Diamond e as empresas Adyen, Magalu e PayPal, como patrocinadoras Ruby. Em 2024, o evento vai acontecer nos dias 11 e 12 de abril no S\u00e3o Paulo Expo. Confira mais informa\u00e7\u00f5es em nosso&nbsp;<a href=\"http:\/\/www.vtexday.com.br\/\" rel=\"noreferrer noopener\" target=\"_blank\">site<\/a>.<\/p>\n\n\n\n<h3 class=\"wp-block-heading\">Sobre a VTEX:<\/h3>\n\n\n\n<p>A VTEX (NYSE: VTEX) \u00e9 a plataforma global de com\u00e9rcio digital onde CEOs e CIOs vision\u00e1rios encontram efici\u00eancia para suas vendas digitais. Nossa plataforma composable e completa ajuda marcas e varejistas a modernizar seu stack e potencializar resultados operacionais ao migrar de sistemas legados, conectando toda sua cadeia de valor e otimizando processos de estoque e log\u00edstica com canais de vendas conectados.<\/p>\n\n\n\n<p>Como l\u00edder em plataformas de com\u00e9rcio digital, a VTEX tem a confian\u00e7a de mais de 2.600 clientes B2C e B2B, entre eles Carrefour, Colgate, Motorola, Sony, Stanley Black &amp; Decker e Whirlpool, tendo mais de 3.400 lojas online ativas em 38 pa\u00edses (dados do ano fiscal terminado em 31\/12\/2022). Para mais informa\u00e7\u00f5es, visite&nbsp;<a href=\"https:\/\/www.vtex.com.\/\" rel=\"noreferrer noopener\" target=\"_blank\">www.vtex.com.<\/a><\/p>\n","protected":false},"excerpt":{"rendered":"<p>Interessados em adquirir as entradas a pre\u00e7o especial podem obter o cupom por meio de a\u00e7\u00e3o no perfil oficial do VTEX DAY no Instagram O&nbsp;VTEX DAY, um dos maiores eventos de com\u00e9rcio digital do mundo, acaba de anunciar uma a\u00e7\u00e3o especial nesta Semana do Consumidor. Aqueles que ainda n\u00e3o garantiram ingressos para o evento podem [&hellip;]<\/p>\n","protected":false},"author":2,"featured_media":988,"comment_status":"open","ping_status":"open","sticky":false,"template":"","format":"standard","meta":{"footnotes":""},"categories":[23],"tags":[],"class_list":{"0":"post-987","1":"post","2":"type-post","3":"status-publish","4":"format-standard","5":"has-post-thumbnail","7":"category-feirasdenegocios"},"_links":{"self":[{"href":"https:\/\/tveventos.tv.br\/index.php?rest_route=\/wp\/v2\/posts\/987","targetHints":{"allow":["GET"]}}],"collection":[{"href":"https:\/\/tveventos.tv.br\/index.php?rest_route=\/wp\/v2\/posts"}],"about":[{"href":"https:\/\/tveventos.tv.br\/index.php?rest_route=\/wp\/v2\/types\/post"}],"author":[{"embeddable":true,"href":"https:\/\/tveventos.tv.br\/index.php?rest_route=\/wp\/v2\/users\/2"}],"replies":[{"embeddable":true,"href":"https:\/\/tveventos.tv.br\/index.php?rest_route=%2Fwp%2Fv2%2Fcomments&post=987"}],"version-history":[{"count":1,"href":"https:\/\/tveventos.tv.br\/index.php?rest_route=\/wp\/v2\/posts\/987\/revisions"}],"predecessor-version":[{"id":989,"href":"https:\/\/tveventos.tv.br\/index.php?rest_route=\/wp\/v2\/posts\/987\/revisions\/989"}],"wp:featuredmedia":[{"embeddable":true,"href":"https:\/\/tveventos.tv.br\/index.php?rest_route=\/wp\/v2\/media\/988"}],"wp:attachment":[{"href":"https:\/\/tveventos.tv.br\/index.php?rest_route=%2Fwp%2Fv2%2Fmedia&parent=987"}],"wp:term":[{"taxonomy":"category","embeddable":true,"href":"https:\/\/tveventos.tv.br\/index.php?rest_route=%2Fwp%2Fv2%2Fcategories&post=987"},{"taxonomy":"post_tag","embeddable":true,"href":"https:\/\/tveventos.tv.br\/index.php?rest_route=%2Fwp%2Fv2%2Ftags&post=987"}],"curies":[{"name":"wp","href":"https:\/\/api.w.org\/{rel}","templated":true}]}}