{"id":991,"date":"2024-03-15T16:51:13","date_gmt":"2024-03-15T19:51:13","guid":{"rendered":"https:\/\/tveventos.tv.br\/?p=991"},"modified":"2024-03-15T16:51:17","modified_gmt":"2024-03-15T19:51:17","slug":"pesca-e-companhia-trade-show","status":"publish","type":"post","link":"https:\/\/tveventos.tv.br\/?p=991","title":{"rendered":"PESCA E COMPANHIA TRADE SHOW\u00a0"},"content":{"rendered":"\n<p>\u00danica feira especializada em Esportes Outdoor na Am\u00e9rica Latina,\u00a0onde a inova\u00e7\u00e3o, os neg\u00f3cios e o networking se encontram em um ambiente inspirador e estrat\u00e9gico. A PESCA &amp; COMPANHIA TRADE SHOW nasceu com o prop\u00f3sito de atender uma necessidade do segmento e hoje \u00e9 o melhor lugar para\u00a0 ind\u00fastrias, distribuidores e lojistas negociarem frente a frente.\u00a0<\/p>\n\n\n\n<p>Junte-se a n\u00f3s, nos dias 21 a 23 de Mar\u00e7o das 13h \u00e0s 21h, exceto no dia 23 &nbsp;das&nbsp; 10h \u00e0s 18h no prestigiado PRO MAGNO Centro de Eventos.<\/p>\n\n\n\n<p>Avenida Professora Ida Kolb, 513 \u2013 Jardim das Laranjeiras, S\u00e3o Paulo.<\/p>\n","protected":false},"excerpt":{"rendered":"<p>\u00danica feira especializada em Esportes Outdoor na Am\u00e9rica Latina,\u00a0onde a inova\u00e7\u00e3o, os neg\u00f3cios e o networking se encontram em um ambiente inspirador e estrat\u00e9gico. A PESCA &amp; COMPANHIA TRADE SHOW nasceu com o prop\u00f3sito de atender uma necessidade do segmento e hoje \u00e9 o melhor lugar para\u00a0 ind\u00fastrias, distribuidores e lojistas negociarem frente a frente.\u00a0 [&hellip;]<\/p>\n","protected":false},"author":2,"featured_media":992,"comment_status":"open","ping_status":"open","sticky":false,"template":"","format":"standard","meta":{"footnotes":""},"categories":[25],"tags":[],"class_list":{"0":"post-991","1":"post","2":"type-post","3":"status-publish","4":"format-standard","5":"has-post-thumbnail","7":"category-calendariodeeventos"},"_links":{"self":[{"href":"https:\/\/tveventos.tv.br\/index.php?rest_route=\/wp\/v2\/posts\/991","targetHints":{"allow":["GET"]}}],"collection":[{"href":"https:\/\/tveventos.tv.br\/index.php?rest_route=\/wp\/v2\/posts"}],"about":[{"href":"https:\/\/tveventos.tv.br\/index.php?rest_route=\/wp\/v2\/types\/post"}],"author":[{"embeddable":true,"href":"https:\/\/tveventos.tv.br\/index.php?rest_route=\/wp\/v2\/users\/2"}],"replies":[{"embeddable":true,"href":"https:\/\/tveventos.tv.br\/index.php?rest_route=%2Fwp%2Fv2%2Fcomments&post=991"}],"version-history":[{"count":1,"href":"https:\/\/tveventos.tv.br\/index.php?rest_route=\/wp\/v2\/posts\/991\/revisions"}],"predecessor-version":[{"id":993,"href":"https:\/\/tveventos.tv.br\/index.php?rest_route=\/wp\/v2\/posts\/991\/revisions\/993"}],"wp:featuredmedia":[{"embeddable":true,"href":"https:\/\/tveventos.tv.br\/index.php?rest_route=\/wp\/v2\/media\/992"}],"wp:attachment":[{"href":"https:\/\/tveventos.tv.br\/index.php?rest_route=%2Fwp%2Fv2%2Fmedia&parent=991"}],"wp:term":[{"taxonomy":"category","embeddable":true,"href":"https:\/\/tveventos.tv.br\/index.php?rest_route=%2Fwp%2Fv2%2Fcategories&post=991"},{"taxonomy":"post_tag","embeddable":true,"href":"https:\/\/tveventos.tv.br\/index.php?rest_route=%2Fwp%2Fv2%2Ftags&post=991"}],"curies":[{"name":"wp","href":"https:\/\/api.w.org\/{rel}","templated":true}]}}