{"id":994,"date":"2024-03-15T17:00:58","date_gmt":"2024-03-15T20:00:58","guid":{"rendered":"https:\/\/tveventos.tv.br\/?p=994"},"modified":"2024-03-15T17:01:00","modified_gmt":"2024-03-15T20:01:00","slug":"conexao-farma-2024-teve-novidades-negocios-e-visoes-para-o-futuro","status":"publish","type":"post","link":"https:\/\/tveventos.tv.br\/?p=994","title":{"rendered":"Conex\u00e3o Farma 2024 teve novidades, neg\u00f3cios e vis\u00f5es para o futuro"},"content":{"rendered":"\n<p class=\"has-text-align-center\"><em>Maior evento do setor farmac\u00eautico do Brasil proporciona diversas oportunidades aos visitantes, entre elas, relacionamentos que possibilitam maior destaque na carreira e a concretiza\u00e7\u00e3o de neg\u00f3cios. Confira como foi o segundo dia<\/em><\/p>\n\n\n\n<p>&nbsp;O segundo dia do Conex\u00e3o Farma 2024 evidenciou a for\u00e7a do maior evento do setor farmac\u00eautico do Brasil, promovido e realizado pela Associa\u00e7\u00e3o Brasileira de Distribui\u00e7\u00e3o e Log\u00edstica de Produtos Farmac\u00eauticos (Abradilan). Caravanas de visitantes passaram pelo Expo Center Norte, em S\u00e3o Paulo (SP), para acompanhar a programa\u00e7\u00e3o de conte\u00fado exclusiva, fazer relacionamento e fechar neg\u00f3cios junto \u00e0 exposi\u00e7\u00e3o de produtos e servi\u00e7os de mais de 170 marcas.<br>&nbsp;<\/p>\n\n\n\n<p>O palco principal, Conex\u00e3o Aberta, recebeu a jornalista Izabella Camargo para uma palestra especial sobre Produtividade sustent\u00e1vel: Desacelerar para continuar acelerando! Ela lembrou e alertou aos presentes que o estresse \u00e9 uma rea\u00e7\u00e3o do organismo para uma situa\u00e7\u00e3o que representa uma amea\u00e7a. \u201cA produtividade sustent\u00e1vel \u00e9 para quem ama o que faz continuar fazendo o que ama. \u00c9 para alcan\u00e7ar e vivenciar o objetivo\u201d, disse.<\/p>\n\n\n\n<p>J\u00e1 as arenas de conte\u00fado proporcionaram 16 palestras diferentes aos visitantes. Com o tema Estrat\u00e9gia fiscal inteligente: como o planejamento tribut\u00e1rio pode potencializar a rentabilidade da farm\u00e1cia, a CEO da Contabiliza Pharma, Isabella Luna, abordou a import\u00e2ncia do planejamento tribut\u00e1rio para as empresas. Ela discorreu sobre as melhores pr\u00e1ticas e estrat\u00e9gias que podem ser desenvolvidas e implementadas. Segundo ela, \u00e9 importante que os gestores e empres\u00e1rios, principalmente das m\u00e9dias e pequenas empresas, entendam que \u00e9 de suma import\u00e2ncia que elas possam alinhar a sua gest\u00e3o fiscal e tribut\u00e1ria para que consigam obter melhor rentabilidade em suas negocia\u00e7\u00f5es e, assim, conquistarem mais lucratividade.<\/p>\n\n\n\n<p>\u201cPlanejamento tribut\u00e1rio, ou elis\u00e3o fiscal, nada mais \u00e9 do que a redu\u00e7\u00e3o de impostos, ou seja, o pagamento de impostos de forma justa e legal. As empresas precisam implement\u00e1-lo independente do seu tamanho e regime tribut\u00e1rio, para sua sobreviv\u00eancia\u201d, garantiu Isabella.<\/p>\n\n\n\n<p>O assunto tamb\u00e9m pautou a palestra do CEO da Farmacon, Marcus Cordeiro, que trouxe perspectivas sobre as pr\u00e1ticas de planejamento tribut\u00e1rio cont\u00ednuo. \u201cAfinal de contas, o que \u00e9 planejamento tribut\u00e1rio? \u00c9 uma extens\u00e3o de um planejamento estrat\u00e9gico empresarial, onde ainda est\u00e1 com os \u00edndices de desenvolvimento. Ele \u00e9 algo que vai se desenvolvendo de acordo com o movimento da empresa, de um grupo\u201d, atestou.<\/p>\n\n\n\n<p>A primeira rodada de palestras teve ainda o CEO da Smart Sell Pro, Fabio Camparini, falando sobre Gest\u00e3o eficiente e rent\u00e1vel do PDV: Sortimento, capital de giro e ROI; o CEO da GMartins Consultoria, Gean Martins e o diretor-executivo da Montafarma, Edimilson Souza, abordaram a farm\u00e1cia do futuro como um ecossistema de sa\u00fade e bem-estar.<\/p>\n\n\n\n<p>Al\u00e9m disso, o s\u00f3cio fundador, Guilherme Jabur; a comercial, Viviane Metta; e o COO da Aura Pharma, Rafael Bassetto, fizeram palestra com o tema Desmistificando o canabidiol no varejo farmac\u00eautico de acordo com a RDC 327. \u201cA cannabis \u00e9 hoje reconhecida mundialmente por suas propriedades medicinais e terap\u00eauticas, e acreditamos que esse momento \u00e9 ainda s\u00f3 o come\u00e7o, pois os avan\u00e7os e pesquisas seguem muito promissores\u201d, destacou Basseto.<\/p>\n\n\n\n<p><strong>Exposi\u00e7\u00e3o \u00e9 oportunidade para acompanhar tend\u00eancias e fechar neg\u00f3cios<\/strong><\/p>\n\n\n\n<p>A Metalfarma, empresa l\u00edder e refer\u00eancia no segmento de mobili\u00e1rio e planejamento farmac\u00eautico, considera os eventos do setor como oportunidades de reencontro com parceiros e clientes, al\u00e9m de se configurarem como ambientes prop\u00edcios \u00e0 exposi\u00e7\u00e3o de novos produtos ou ideias de layout para o varejo farma. A companhia levou para o Conex\u00e3o Farma uma reflex\u00e3o que vai ao encontro das principais tend\u00eancias do varejo em 2024: como fidelizar o cliente\/paciente das drogarias por meio da humaniza\u00e7\u00e3o do espa\u00e7o.<\/p>\n\n\n\n<p>\u201cNeste ano, trouxemos uma condi\u00e7\u00e3o muito interessante, pois acreditamos que isso vai render bons neg\u00f3cios, como o parcelamento especial. O Conex\u00e3o Farma \u00e9 uma excelente oportunidade para o cliente aproveitar essas condi\u00e7\u00f5es ofertadas. Temos expectativa de fazer bons neg\u00f3cios na feira\u201d, destacou a diretora da Metalfarma, Camila Rodero.<\/p>\n\n\n\n<p>Kennedy Lauton, CFO; e Talles Lauton, COO; s\u00e3o s\u00f3cios na Lauton Nutrition, empresa especializada na fabrica\u00e7\u00e3o de suplementos alimentares, com mais de 12 anos de mercado.<br>&nbsp;<\/p>\n\n\n\n<p>\u201cA participa\u00e7\u00e3o no Conex\u00e3o Farma \u00e9 para que a gente possa desenvolver o canal indireto, o varejo independente, que hoje comp\u00f5e mais de 90 mil PDVs. E a nossa expectativa \u00e9 poder expandir os nossos produtos para as demais associa\u00e7\u00f5es, al\u00e9m da Abrafarma\u201d, pontuou o CFO.<\/p>\n\n\n\n<p><strong>Como otimizar ganhos e evitar perdas?<\/strong><\/p>\n\n\n\n<p>O CEO da SimTax, Jiovanni Coelho, esteve \u00e0 frente da palestra Guia da Lucratividade: como implementar uma \u00e1rea de pricing na sua farm\u00e1cia, na qual abordou, entre outros, sobre como calcular corretamente os impostos e utilizar benef\u00edcios fiscais como diferencial competitivo, especialmente para e-commerce; como manter a base de dados precisa, evitando o pagamento de impostos incorretos e formando pre\u00e7os de venda adequados. \u201cN\u00e3o confie apenas em sistemas. Voc\u00ea tem que validar sempre\u201d, afirmou.<\/p>\n\n\n\n<p>Ponto de Venda: Percept\u00edvel, Preparado, Produtivo e Atrativo! foi o assunto da palestra da diretora de Marketing da Agos Consultoria, Luciana Motta. \u201cAs ofertas t\u00eam que ser estrat\u00e9gicas, bem expostas. O pre\u00e7o que estiver na prateleira tem que ser o mesmo do sistema\u201d, garantiu.<\/p>\n\n\n\n<p><strong>A import\u00e2ncia do e-commerce para o canal farma<\/strong><\/p>\n\n\n\n<p>O gerente de marketing do Laborat\u00f3rio Crist\u00e1lia, Paulo Careli, trouxe ao palco o caminho do bem-estar: do anti age ao well aging, o papel estrat\u00e9gico dos nutrac\u00eauticos e o diretor de BU Consumer Health da IQVIA, Ulysses Dant\u00e9, falou sobre a farm\u00e1cia al\u00e9m dos medicamentos: como ser competitivo em um mundo de gigantes, evidenciando o poder do com\u00e9rcio eletr\u00f4nico no cen\u00e1rio atual.<\/p>\n\n\n\n<p>\u201cSe n\u00f3s avaliarmos 2019, tudo que era&nbsp;<em>e-commerce<\/em>&nbsp;representava mais ou menos 3% do business farma. Hoje, representam 13,6% no acumulado de um ano. Se n\u00f3s analisarmos 2024, teremos 15%. E os consumidores est\u00e3o, cada vez mais, acessando o&nbsp;<em>e-commerce<\/em>, eles procuram pre\u00e7o e depois v\u00e3o \u00e0 farm\u00e1cia, ou v\u00e3o \u00e0 farm\u00e1cia, olham pre\u00e7o e fecham a compra no&nbsp;<em>e-commerce<\/em>\u201d, contou Dant\u00e9.<\/p>\n\n\n\n<p>Por falar nisso, o&nbsp;<em>e-commerce<\/em>&nbsp;tem se consolidado como canal relevante para o varejo farmac\u00eautico, depois do crescimento vigoroso durante a pandemia. O&nbsp;<em>delivery<\/em>&nbsp;de produtos oferecidos pelas farm\u00e1cias se tornou parte do cotidiano e da rotina de grande parte dos brasileiros. As plataformas digitais oferecem comodidade e conveni\u00eancia para o cliente e ampliam, consideravelmente, o mercado consumidor das farm\u00e1cias, especialmente, das pequenas e m\u00e9dias redes e farm\u00e1cias independentes, criando um novo canal de vendas.<\/p>\n\n\n\n<p>O diretor do iFood, Murilo Massari, explicou no Conex\u00e3o Farma 2024, o modelo do neg\u00f3cio da empresa voltado para o&nbsp;<em>delivery<\/em>&nbsp;de farm\u00e1cias, uma an\u00e1lise do mercado atual, o potencial de crescimento, al\u00e9m de explicar e tirar d\u00favidas de como as farm\u00e1cias, de todos os tamanhos, podem aderir \u00e0 plataforma.<\/p>\n\n\n\n<p>\u201cEu acho que a grande mensagem \u00e9 o amadurecimento, a evolu\u00e7\u00e3o e a expertise dos parceiros dentro do app que v\u00e3o aprendendo cada vez mais como desenvolverem as suas estrat\u00e9gias\u201d, disse.<\/p>\n\n\n\n<p>J\u00e1 a gerente de&nbsp;<em>trade<\/em>, Greice Souza; e a gerente de marketing da EMS, Thais Neri; compartilharam seus conhecimentos sobre a import\u00e2ncia do col\u00e1geno tipo II para a sa\u00fade do seu cliente e da sua loja; ao passo que o consultor da Febrafar e coordenador IFEPEC, Valdomiro Rodrigues, versou sobre o comportamento do&nbsp;<em>shopper<\/em>&nbsp;de farm\u00e1cias no Brasil de acordo com a Pesquisa IFEPEC.<\/p>\n\n\n\n<p>Abrindo a \u00faltima rodada de apresenta\u00e7\u00f5es, o&nbsp;<em>founder<\/em>&nbsp;do E-commerce Brasil, Tiago Baeta, falou sobre a Transforma\u00e7\u00e3o no atendimento farmac\u00eautico: como a omnicanalidade e as plataformas digitais t\u00eam revolucionado o setor. A palestra fez uma abordagem sobre o impacto da tecnologia e da digitaliza\u00e7\u00e3o no setor farmac\u00eautico, principais inova\u00e7\u00f5es e tend\u00eancias que mudam a experi\u00eancia do consumidor, que agora espera um atendimento mais integrado, personalizado e acess\u00edvel, gra\u00e7as \u00e0 conveni\u00eancia oferecida pelas plataformas digitais.<\/p>\n\n\n\n<p>A s\u00f3cio diretora, Cirleia Morato, e o fundador da \u00danico Contato, Renato Diniz, abordaram Estrat\u00e9gia para vender mais pelo Whatsapp; a CEO da Mind Shopper, Alessandra Lima, falou sobre Gera\u00e7\u00e3o Alpha: de influenciadores a decisores; e o COO da SaudaBe, Rodrigo Marsili, evidenciou sobre o comportamento da gera\u00e7\u00e3o Z e o impacto que pode ter na categoria de saud\u00e1veis no canal farma.<\/p>\n\n\n\n<p>Para finalizar, o visitante da feira, o coordenador farmac\u00eautico, Rodrigo Raposo, comentou: \u201cEu venho todos os anos ao Conex\u00e3o Farma, porque este \u00e9 um evento muito importante para o networking e, especialmente, para acompanharmos as novidades e tend\u00eancias do segmento\u201d<\/p>\n\n\n\n<p><strong>SOBRE A ABRADILAN<\/strong><\/p>\n\n\n\n<p>Constitu\u00edda em 1998, a Associa\u00e7\u00e3o Brasileira de Distribui\u00e7\u00e3o e Log\u00edstica de Produtos Farmac\u00eauticos (Abradilan) \u00e9 formada por empresas distribuidoras de medicamentos, produtos para a sa\u00fade, artigos de higiene pessoal e cosm\u00e9ticos no mercado. Com cerca de 160 empresas associadas, tem como miss\u00e3o contribuir para o desenvolvimento e fortalecimento do mercado e de seus membros, promovendo a melhoria cont\u00ednua e eficaz de seus servi\u00e7os.<\/p>\n","protected":false},"excerpt":{"rendered":"<p>Maior evento do setor farmac\u00eautico do Brasil proporciona diversas oportunidades aos visitantes, entre elas, relacionamentos que possibilitam maior destaque na carreira e a concretiza\u00e7\u00e3o de neg\u00f3cios. Confira como foi o segundo dia &nbsp;O segundo dia do Conex\u00e3o Farma 2024 evidenciou a for\u00e7a do maior evento do setor farmac\u00eautico do Brasil, promovido e realizado pela Associa\u00e7\u00e3o [&hellip;]<\/p>\n","protected":false},"author":2,"featured_media":995,"comment_status":"open","ping_status":"open","sticky":false,"template":"","format":"standard","meta":{"footnotes":""},"categories":[1],"tags":[],"class_list":{"0":"post-994","1":"post","2":"type-post","3":"status-publish","4":"format-standard","5":"has-post-thumbnail","7":"category-workshopsepalestras"},"_links":{"self":[{"href":"https:\/\/tveventos.tv.br\/index.php?rest_route=\/wp\/v2\/posts\/994","targetHints":{"allow":["GET"]}}],"collection":[{"href":"https:\/\/tveventos.tv.br\/index.php?rest_route=\/wp\/v2\/posts"}],"about":[{"href":"https:\/\/tveventos.tv.br\/index.php?rest_route=\/wp\/v2\/types\/post"}],"author":[{"embeddable":true,"href":"https:\/\/tveventos.tv.br\/index.php?rest_route=\/wp\/v2\/users\/2"}],"replies":[{"embeddable":true,"href":"https:\/\/tveventos.tv.br\/index.php?rest_route=%2Fwp%2Fv2%2Fcomments&post=994"}],"version-history":[{"count":1,"href":"https:\/\/tveventos.tv.br\/index.php?rest_route=\/wp\/v2\/posts\/994\/revisions"}],"predecessor-version":[{"id":996,"href":"https:\/\/tveventos.tv.br\/index.php?rest_route=\/wp\/v2\/posts\/994\/revisions\/996"}],"wp:featuredmedia":[{"embeddable":true,"href":"https:\/\/tveventos.tv.br\/index.php?rest_route=\/wp\/v2\/media\/995"}],"wp:attachment":[{"href":"https:\/\/tveventos.tv.br\/index.php?rest_route=%2Fwp%2Fv2%2Fmedia&parent=994"}],"wp:term":[{"taxonomy":"category","embeddable":true,"href":"https:\/\/tveventos.tv.br\/index.php?rest_route=%2Fwp%2Fv2%2Fcategories&post=994"},{"taxonomy":"post_tag","embeddable":true,"href":"https:\/\/tveventos.tv.br\/index.php?rest_route=%2Fwp%2Fv2%2Ftags&post=994"}],"curies":[{"name":"wp","href":"https:\/\/api.w.org\/{rel}","templated":true}]}}