{"id":998,"date":"2024-03-15T17:23:29","date_gmt":"2024-03-15T20:23:29","guid":{"rendered":"https:\/\/tveventos.tv.br\/?p=998"},"modified":"2024-03-15T17:23:31","modified_gmt":"2024-03-15T20:23:31","slug":"hair-brasil","status":"publish","type":"post","link":"https:\/\/tveventos.tv.br\/?p=998","title":{"rendered":"HAIR BRASIL"},"content":{"rendered":"\n<p>A <strong>HAIR BRASIL<\/strong> \u2013 Feira Internacional de Beleza, Cabelos e Est\u00e9tica, os profissionais podem conhecer t\u00e9cnicas mundiais, al\u00e9m de conferir as novidades da ind\u00fastria e falar direto com seus fornecedores, trocando experi\u00eancias e desenvolvendo ideias.<\/p>\n\n\n\n<p>A HAIR BRASIL \u00e9 o melhor caminho para chegar aos empres\u00e1rios de redes e profissionais de todo o Pa\u00eds.<\/p>\n\n\n\n<p>Junte-se a n\u00f3s, nos dias 23 a 26 de Mar\u00e7o das 10h \u00e0s 20h, no prestigiado Expo Center Norte.<\/p>\n\n\n\n<p>Rua Jos\u00e9 Bernardo Pinto, 333 &#8211; Vila Guilherme &#8211; S\u00e3o Paulo.<\/p>\n","protected":false},"excerpt":{"rendered":"<p>A HAIR BRASIL \u2013 Feira Internacional de Beleza, Cabelos e Est\u00e9tica, os profissionais podem conhecer t\u00e9cnicas mundiais, al\u00e9m de conferir as novidades da ind\u00fastria e falar direto com seus fornecedores, trocando experi\u00eancias e desenvolvendo ideias. A HAIR BRASIL \u00e9 o melhor caminho para chegar aos empres\u00e1rios de redes e profissionais de todo o Pa\u00eds. Junte-se [&hellip;]<\/p>\n","protected":false},"author":2,"featured_media":999,"comment_status":"open","ping_status":"open","sticky":false,"template":"","format":"standard","meta":{"footnotes":""},"categories":[25],"tags":[],"class_list":{"0":"post-998","1":"post","2":"type-post","3":"status-publish","4":"format-standard","5":"has-post-thumbnail","7":"category-calendariodeeventos"},"_links":{"self":[{"href":"https:\/\/tveventos.tv.br\/index.php?rest_route=\/wp\/v2\/posts\/998","targetHints":{"allow":["GET"]}}],"collection":[{"href":"https:\/\/tveventos.tv.br\/index.php?rest_route=\/wp\/v2\/posts"}],"about":[{"href":"https:\/\/tveventos.tv.br\/index.php?rest_route=\/wp\/v2\/types\/post"}],"author":[{"embeddable":true,"href":"https:\/\/tveventos.tv.br\/index.php?rest_route=\/wp\/v2\/users\/2"}],"replies":[{"embeddable":true,"href":"https:\/\/tveventos.tv.br\/index.php?rest_route=%2Fwp%2Fv2%2Fcomments&post=998"}],"version-history":[{"count":1,"href":"https:\/\/tveventos.tv.br\/index.php?rest_route=\/wp\/v2\/posts\/998\/revisions"}],"predecessor-version":[{"id":1000,"href":"https:\/\/tveventos.tv.br\/index.php?rest_route=\/wp\/v2\/posts\/998\/revisions\/1000"}],"wp:featuredmedia":[{"embeddable":true,"href":"https:\/\/tveventos.tv.br\/index.php?rest_route=\/wp\/v2\/media\/999"}],"wp:attachment":[{"href":"https:\/\/tveventos.tv.br\/index.php?rest_route=%2Fwp%2Fv2%2Fmedia&parent=998"}],"wp:term":[{"taxonomy":"category","embeddable":true,"href":"https:\/\/tveventos.tv.br\/index.php?rest_route=%2Fwp%2Fv2%2Fcategories&post=998"},{"taxonomy":"post_tag","embeddable":true,"href":"https:\/\/tveventos.tv.br\/index.php?rest_route=%2Fwp%2Fv2%2Ftags&post=998"}],"curies":[{"name":"wp","href":"https:\/\/api.w.org\/{rel}","templated":true}]}}